{"id":32654,"date":"2026-08-31T16:36:33","date_gmt":"2026-08-31T19:36:33","guid":{"rendered":"https:\/\/acontecenafronteira.com.br\/?p=32654"},"modified":"2026-08-31T16:36:33","modified_gmt":"2026-08-31T19:36:33","slug":"lojas-colombo-promove-convencao-de-vendas-em-florianopolis","status":"publish","type":"post","link":"https:\/\/acontecenafronteira.com.br\/index.php\/2026\/08\/31\/lojas-colombo-promove-convencao-de-vendas-em-florianopolis\/","title":{"rendered":"Lojas Colombo promove Conven\u00e7\u00e3o de Vendas em Florian\u00f3polis"},"content":{"rendered":"<p>A Lojas Colombo promove, de 30 de agosto a 2 de setembro, no resort Cost\u00e3o do Santinho, em Florian\u00f3polis (SC), a edi\u00e7\u00e3o de 2026 de sua tradicional Conven\u00e7\u00e3o de Vendas. O evento corporativo, com mais de trinta anos de tradi\u00e7\u00e3o no calend\u00e1rio da rede, re\u00fane as principais lideran\u00e7as da marca para quatro dias de alinhamento estrat\u00e9gico, capacita\u00e7\u00e3o e celebra\u00e7\u00e3o de resultados.<\/p>\n<h2>O conceito central do evento<\/h2>\n<p>Com o mote \u201cSomos Colombo\u201d, a edi\u00e7\u00e3o atual valoriza o sentimento de pertencimento e destaca a import\u00e2ncia dos colaboradores na constru\u00e7\u00e3o di\u00e1ria da hist\u00f3ria da empresa. O encontro conta com a participa\u00e7\u00e3o de 361 profissionais, incluindo gerentes de lojas, gestores regionais, al\u00e9m de membros do Conselho e da Diretoria executiva.<\/p>\n<h2>Abertura oficial e vis\u00e3o de futuro<\/h2>\n<p>A cerim\u00f4nia de inaugura\u00e7\u00e3o fica a cargo do presidente da Lojas Colombo, Eduardo Colombo. O executivo enfatiza a relev\u00e2ncia do setor varejista e a dedica\u00e7\u00e3o das equipes. Durante o encontro, os gestores participam de palestras e pain\u00e9is focados nas tend\u00eancias do mercado, novas demandas do comportamento do consumidor e no planejamento comercial para o restante do ano.<\/p>\n<h2>Hist\u00f3ria e relev\u00e2ncia no varejo nacional<\/h2>\n<p>Com 66 anos de atua\u00e7\u00e3o, a Lojas Colombo consolidou-se como uma das marcas mais tradicionais do varejo brasileiro. A empresa possui forte presen\u00e7a na Regi\u00e3o Sul e em estados como S\u00e3o Paulo e Mato Grosso do Sul, operando 361 unidades f\u00edsicas e a plataforma de com\u00e9rcio eletr\u00f4nico colombo.com.br, que atende todo o pa\u00eds.<\/p>\n<p>A escolha de Santa Catarina como sede proporciona um ambiente prop\u00edcio para a troca de experi\u00eancias entre equipes de diferentes regi\u00f5es, refor\u00e7ando os la\u00e7os corporativos e projetando as pr\u00f3ximas metas da organiza\u00e7\u00e3o.<\/p>\n<p>Por Reda\u00e7\u00e3o Acontece<\/p>\n<p>Cr\u00e9ditos da imagem: Divulga\u00e7\u00e3o \/ Lojas Colombo<\/p>\n","protected":false},"excerpt":{"rendered":"<p>A Lojas Colombo promove, de 30 de agosto a 2 de setembro, no resort Cost\u00e3o do Santinho, em Florian\u00f3polis (SC), a edi\u00e7\u00e3o de 2026 de sua tradicional Conven\u00e7\u00e3o de Vendas. O evento corporativo, com mais de trinta anos de tradi\u00e7\u00e3o no calend\u00e1rio da rede, re\u00fane as principais lideran\u00e7as da marca para quatro dias de alinhamento [&hellip;]<\/p>\n","protected":false},"author":0,"featured_media":32661,"comment_status":"open","ping_status":"open","sticky":false,"template":"","format":"standard","meta":{"footnotes":""},"categories":[18],"tags":[],"class_list":["post-32654","post","type-post","status-publish","format-standard","has-post-thumbnail","hentry","category-parana"],"_links":{"self":[{"href":"https:\/\/acontecenafronteira.com.br\/index.php\/wp-json\/wp\/v2\/posts\/32654","targetHints":{"allow":["GET"]}}],"collection":[{"href":"https:\/\/acontecenafronteira.com.br\/index.php\/wp-json\/wp\/v2\/posts"}],"about":[{"href":"https:\/\/acontecenafronteira.com.br\/index.php\/wp-json\/wp\/v2\/types\/post"}],"replies":[{"embeddable":true,"href":"https:\/\/acontecenafronteira.com.br\/index.php\/wp-json\/wp\/v2\/comments?post=32654"}],"version-history":[{"count":1,"href":"https:\/\/acontecenafronteira.com.br\/index.php\/wp-json\/wp\/v2\/posts\/32654\/revisions"}],"predecessor-version":[{"id":32660,"href":"https:\/\/acontecenafronteira.com.br\/index.php\/wp-json\/wp\/v2\/posts\/32654\/revisions\/32660"}],"wp:featuredmedia":[{"embeddable":true,"href":"https:\/\/acontecenafronteira.com.br\/index.php\/wp-json\/wp\/v2\/media\/32661"}],"wp:attachment":[{"href":"https:\/\/acontecenafronteira.com.br\/index.php\/wp-json\/wp\/v2\/media?parent=32654"}],"wp:term":[{"taxonomy":"category","embeddable":true,"href":"https:\/\/acontecenafronteira.com.br\/index.php\/wp-json\/wp\/v2\/categories?post=32654"},{"taxonomy":"post_tag","embeddable":true,"href":"https:\/\/acontecenafronteira.com.br\/index.php\/wp-json\/wp\/v2\/tags?post=32654"}],"curies":[{"name":"wp","href":"https:\/\/api.w.org\/{rel}","templated":true}]}}