{"id":32651,"date":"2026-08-31T16:36:18","date_gmt":"2026-08-31T19:36:18","guid":{"rendered":"https:\/\/acontecenafronteira.com.br\/?p=32651"},"modified":"2026-08-31T16:36:18","modified_gmt":"2026-08-31T19:36:18","slug":"virginia-fonseca-intriga-fas-com-detalhe-em-video-de-biquini","status":"publish","type":"post","link":"https:\/\/acontecenafronteira.com.br\/index.php\/2026\/08\/31\/virginia-fonseca-intriga-fas-com-detalhe-em-video-de-biquini\/","title":{"rendered":"Virg\u00ednia Fonseca intriga f\u00e3s com detalhe em v\u00eddeo de biqu\u00edni"},"content":{"rendered":"<p>A influenciadora digital Virg\u00ednia Fonseca, de 27 anos, virou assunto nas redes sociais nesta sexta-feira (28) ap\u00f3s compartilhar um registro de biqu\u00edni que gerou curiosidade entre seus admiradores.<\/p>\n<h2>Repercuss\u00e3o nas redes sociais<\/h2>\n<p>Durante a grava\u00e7\u00e3o, na qual aparece dublando a can\u00e7\u00e3o \u201cPor A\u00ed\u201d, de MC Livinho e DJ Topo, um detalhe espec\u00edfico sob o tecido da roupa de banho chamou a aten\u00e7\u00e3o do p\u00fablico, levantando a suspeita de que a famosa teria colocado um piercing no mamilo. Na rede social X, v\u00e1rios perfis comentaram a cena, com admiradores elogiando o visual e destacando a suposta nova modifica\u00e7\u00e3o corporal.<\/p>\n<h2>Hist\u00f3rico recente de modifica\u00e7\u00f5es corporais<\/h2>\n<p>O burburinho surge logo ap\u00f3s a criadora de conte\u00fado revelar, em 21 de agosto, que havia colocado um adorno no umbigo. Na \u00e9poca, ela explicou que o procedimento serviu para disfar\u00e7ar uma insatisfa\u00e7\u00e3o com a regi\u00e3o que persistia desde a gravidez.<\/p>\n<h2>A rea\u00e7\u00e3o \u00e0s cr\u00edticas<\/h2>\n<p>A decis\u00e3o de adotar o novo visual gerou debate na internet, com alguns internautas questionando a escolha devido \u00e0 idade da famosa. Na ocasi\u00e3o, ela rebateu os coment\u00e1rios negativos com bom humor, afirmando que os acess\u00f3rios a fazem se sentir mais jovem e pedindo para que os cr\u00edticos a deixassem em paz.<\/p>\n<p>O epis\u00f3dio refor\u00e7a como a rotina e a imagem dos criadores de conte\u00fado continuam gerando forte engajamento e especula\u00e7\u00f5es constantes na internet.<\/p>\n<p>Por Reda\u00e7\u00e3o Acontece<\/p>\n<p>Foto: Reprodu\u00e7\u00e3o \/ Redes Sociais<\/p>\n","protected":false},"excerpt":{"rendered":"<p>A influenciadora digital Virg\u00ednia Fonseca, de 27 anos, virou assunto nas redes sociais nesta sexta-feira (28) ap\u00f3s compartilhar um registro de biqu\u00edni que gerou curiosidade entre seus admiradores. Repercuss\u00e3o nas redes sociais Durante a grava\u00e7\u00e3o, na qual aparece dublando a can\u00e7\u00e3o \u201cPor A\u00ed\u201d, de MC Livinho e DJ Topo, um detalhe espec\u00edfico sob o tecido [&hellip;]<\/p>\n","protected":false},"author":0,"featured_media":32656,"comment_status":"open","ping_status":"open","sticky":false,"template":"","format":"standard","meta":{"footnotes":""},"categories":[18],"tags":[],"class_list":["post-32651","post","type-post","status-publish","format-standard","has-post-thumbnail","hentry","category-parana"],"_links":{"self":[{"href":"https:\/\/acontecenafronteira.com.br\/index.php\/wp-json\/wp\/v2\/posts\/32651","targetHints":{"allow":["GET"]}}],"collection":[{"href":"https:\/\/acontecenafronteira.com.br\/index.php\/wp-json\/wp\/v2\/posts"}],"about":[{"href":"https:\/\/acontecenafronteira.com.br\/index.php\/wp-json\/wp\/v2\/types\/post"}],"replies":[{"embeddable":true,"href":"https:\/\/acontecenafronteira.com.br\/index.php\/wp-json\/wp\/v2\/comments?post=32651"}],"version-history":[{"count":1,"href":"https:\/\/acontecenafronteira.com.br\/index.php\/wp-json\/wp\/v2\/posts\/32651\/revisions"}],"predecessor-version":[{"id":32655,"href":"https:\/\/acontecenafronteira.com.br\/index.php\/wp-json\/wp\/v2\/posts\/32651\/revisions\/32655"}],"wp:featuredmedia":[{"embeddable":true,"href":"https:\/\/acontecenafronteira.com.br\/index.php\/wp-json\/wp\/v2\/media\/32656"}],"wp:attachment":[{"href":"https:\/\/acontecenafronteira.com.br\/index.php\/wp-json\/wp\/v2\/media?parent=32651"}],"wp:term":[{"taxonomy":"category","embeddable":true,"href":"https:\/\/acontecenafronteira.com.br\/index.php\/wp-json\/wp\/v2\/categories?post=32651"},{"taxonomy":"post_tag","embeddable":true,"href":"https:\/\/acontecenafronteira.com.br\/index.php\/wp-json\/wp\/v2\/tags?post=32651"}],"curies":[{"name":"wp","href":"https:\/\/api.w.org\/{rel}","templated":true}]}}