{"id":32642,"date":"2026-08-31T16:36:11","date_gmt":"2026-08-31T19:36:11","guid":{"rendered":"https:\/\/acontecenafronteira.com.br\/?p=32642"},"modified":"2026-08-31T16:36:11","modified_gmt":"2026-08-31T19:36:11","slug":"temporal-em-curitiba-dia-vira-noite-com-chuva-forte-e-granizo","status":"publish","type":"post","link":"https:\/\/acontecenafronteira.com.br\/index.php\/2026\/08\/31\/temporal-em-curitiba-dia-vira-noite-com-chuva-forte-e-granizo\/","title":{"rendered":"Temporal em Curitiba: Dia vira noite com chuva forte e granizo"},"content":{"rendered":"<p>Uma tempestade severa acompanhada de granizo surpreendeu os moradores de Curitiba e da Regi\u00e3o Metropolitana nesta segunda-feira (31), ap\u00f3s o dia nublado e ameno escurecer repentinamente no in\u00edcio da tarde devido a uma forte concentra\u00e7\u00e3o de nuvens carregadas.<\/p>\n<h2>Preju\u00edzos e ocorr\u00eancias na capital<\/h2>\n<p>O temporal provocou transtornos expressivos em diversos bairros, incluindo quedas de \u00e1rvores, interrup\u00e7\u00f5es no fornecimento de energia el\u00e9trica e pontos de alagamento. \u00c0s 13h27, a Defesa Civil emitiu um alerta vermelho via celular para avisar sobre o risco muito alto de tempestade severa, ventos intensos e precipita\u00e7\u00e3o de gelo em Curitiba, S\u00e3o Jos\u00e9 dos Pinhais, Colombo e cidades vizinhas.<\/p>\n<h2>Danos em escolas e impacto do ciclone<\/h2>\n<p>Em Almirante Tamandar\u00e9, a for\u00e7a do vento danificou parte do telhado do audit\u00f3rio do Col\u00e9gio Estadual Tancredo Neves. A Secretaria Estadual de Educa\u00e7\u00e3o garantiu que as salas de aula e os locais de atendimento aos alunos ficaram intactos e que nenhum estudante ou funcion\u00e1rio se feriu.<\/p>\n<p>A instabilidade no estado \u00e9 impulsionada pela forma\u00e7\u00e3o de um novo ciclone extratropical no Sul do pa\u00eds, fen\u00f4meno associado ao choque entre massas de ar quente e fria que pode gerar rajadas de vento de at\u00e9 85 km\/h no Paran\u00e1, com maior intensidade nas regi\u00f5es sul e oeste.<\/p>\n<h2>Previs\u00e3o do tempo para os pr\u00f3ximos dias<\/h2>\n<p>A nova frente fria avan\u00e7a pelo territ\u00f3rio paranaense entre a madrugada e a manh\u00e3, concentrando os maiores volumes de chuva no centro, nos Campos Gerais, na Regi\u00e3o Metropolitana e no sul.<\/p>\n<p>Na quarta-feira (2), uma massa de ar frio trar\u00e1 estabilidade ao tempo, fazendo os term\u00f4metros despencarem para at\u00e9 3\u00baC, com possibilidade apenas de chuviscos isolados no litoral. J\u00e1 na quinta-feira (3), o sol predomina pela manh\u00e3 com amanhecer gelado, mas novas instabilidades provocam chuvas fraca a moderada no oeste, sudoeste e sul a partir da tarde.<\/p>\n<p>Por Reda\u00e7\u00e3o Acontece<\/p>\n<p>Mariah Colombo\/g1<\/p>\n","protected":false},"excerpt":{"rendered":"<p>Uma tempestade severa acompanhada de granizo surpreendeu os moradores de Curitiba e da Regi\u00e3o Metropolitana nesta segunda-feira (31), ap\u00f3s o dia nublado e ameno escurecer repentinamente no in\u00edcio da tarde devido a uma forte concentra\u00e7\u00e3o de nuvens carregadas. Preju\u00edzos e ocorr\u00eancias na capital O temporal provocou transtornos expressivos em diversos bairros, incluindo quedas de \u00e1rvores, [&hellip;]<\/p>\n","protected":false},"author":0,"featured_media":32650,"comment_status":"open","ping_status":"open","sticky":false,"template":"","format":"standard","meta":{"footnotes":""},"categories":[18],"tags":[],"class_list":["post-32642","post","type-post","status-publish","format-standard","has-post-thumbnail","hentry","category-parana"],"_links":{"self":[{"href":"https:\/\/acontecenafronteira.com.br\/index.php\/wp-json\/wp\/v2\/posts\/32642","targetHints":{"allow":["GET"]}}],"collection":[{"href":"https:\/\/acontecenafronteira.com.br\/index.php\/wp-json\/wp\/v2\/posts"}],"about":[{"href":"https:\/\/acontecenafronteira.com.br\/index.php\/wp-json\/wp\/v2\/types\/post"}],"replies":[{"embeddable":true,"href":"https:\/\/acontecenafronteira.com.br\/index.php\/wp-json\/wp\/v2\/comments?post=32642"}],"version-history":[{"count":1,"href":"https:\/\/acontecenafronteira.com.br\/index.php\/wp-json\/wp\/v2\/posts\/32642\/revisions"}],"predecessor-version":[{"id":32649,"href":"https:\/\/acontecenafronteira.com.br\/index.php\/wp-json\/wp\/v2\/posts\/32642\/revisions\/32649"}],"wp:featuredmedia":[{"embeddable":true,"href":"https:\/\/acontecenafronteira.com.br\/index.php\/wp-json\/wp\/v2\/media\/32650"}],"wp:attachment":[{"href":"https:\/\/acontecenafronteira.com.br\/index.php\/wp-json\/wp\/v2\/media?parent=32642"}],"wp:term":[{"taxonomy":"category","embeddable":true,"href":"https:\/\/acontecenafronteira.com.br\/index.php\/wp-json\/wp\/v2\/categories?post=32642"},{"taxonomy":"post_tag","embeddable":true,"href":"https:\/\/acontecenafronteira.com.br\/index.php\/wp-json\/wp\/v2\/tags?post=32642"}],"curies":[{"name":"wp","href":"https:\/\/api.w.org\/{rel}","templated":true}]}}