{"id":32641,"date":"2026-08-31T16:36:06","date_gmt":"2026-08-31T19:36:06","guid":{"rendered":"https:\/\/acontecenafronteira.com.br\/?p=32641"},"modified":"2026-08-31T16:36:06","modified_gmt":"2026-08-31T19:36:06","slug":"aviao-da-latam-sai-da-pista-e-vai-parar-na-lama-no-pr","status":"publish","type":"post","link":"https:\/\/acontecenafronteira.com.br\/index.php\/2026\/08\/31\/aviao-da-latam-sai-da-pista-e-vai-parar-na-lama-no-pr\/","title":{"rendered":"Avi\u00e3o da Latam sai da pista e vai parar na lama no PR"},"content":{"rendered":"<p>O piloto de um avi\u00e3o comercial da Latam que invadiu uma \u00e1rea de lama ap\u00f3s o pouso no Aeroporto Regional de Cascavel, localizado no Oeste paranaense, atribuiu o acidente \u00e0s m\u00e1s condi\u00e7\u00f5es da pista. A aeronave transportava 151 pessoas no total.<\/p>\n<h2>Relato do comandante aos passageiros<\/h2>\n<p>Logo ap\u00f3s o susto, o comandante gravou um v\u00eddeo de dentro da cabine para tranquilizar os viajantes e explicar o ocorrido. De acordo com o profissional, a aeronave perdeu ader\u00eancia no final da \u00e1rea de frenagem e acabou derivando para a esquerda, parando fora do pavimento.<\/p>\n<p>Como o terminal aeroportu\u00e1rio local n\u00e3o disp\u00f5e de servi\u00e7o de \u00f4nibus para o transporte de p\u00e1tio, os 145 passageiros precisaram caminhar a p\u00e9 at\u00e9 a \u00e1rea de desembarque, utilizando uma escada acoplada no lado direito do ve\u00edculo. A tripula\u00e7\u00e3o contava ainda com mais seis profissionais a bordo.<\/p>\n<h2>Detalhes do voo e impacto na opera\u00e7\u00e3o<\/h2>\n<p>O trajeto havia tido in\u00edcio no Aeroporto Internacional de Guarulhos, na Grande S\u00e3o Paulo, com destino final ao interior do Paran\u00e1. O epis\u00f3dio foi registrado por volta das 9h45 de uma segunda-feira, momento em que chovia na regi\u00e3o.<\/p>\n<p>Apesar do susto e da parada inesperada na lama, nenhum ocupante sofreu ferimentos. O terminal de Cascavel precisou ser totalmente interditado para pousos e decolagens, aguardando a conclus\u00e3o dos trabalhos de remo\u00e7\u00e3o do ve\u00edculo.<\/p>\n<h2>Provid\u00eancias da companhia a\u00e9rea<\/h2>\n<p>A empresa respons\u00e1vel pela opera\u00e7\u00e3o informou que j\u00e1 est\u00e1 mobilizando maquin\u00e1rio espec\u00edfico para retirar o equipamento do local. O voo de retorno programado para S\u00e3o Paulo teve que ser cancelado, e os clientes afetados est\u00e3o sendo redirecionados para outras partidas partindo de Foz do Igua\u00e7u. As investiga\u00e7\u00f5es oficiais para determinar os fatores contribuintes do incidente ser\u00e3o conduzidas pelas autoridades competentes.<\/p>\n<p>Por Reda\u00e7\u00e3o Acontece<\/p>\n<p>Arte\/ g1<\/p>\n","protected":false},"excerpt":{"rendered":"<p>O piloto de um avi\u00e3o comercial da Latam que invadiu uma \u00e1rea de lama ap\u00f3s o pouso no Aeroporto Regional de Cascavel, localizado no Oeste paranaense, atribuiu o acidente \u00e0s m\u00e1s condi\u00e7\u00f5es da pista. A aeronave transportava 151 pessoas no total. Relato do comandante aos passageiros Logo ap\u00f3s o susto, o comandante gravou um v\u00eddeo [&hellip;]<\/p>\n","protected":false},"author":0,"featured_media":32648,"comment_status":"open","ping_status":"open","sticky":false,"template":"","format":"standard","meta":{"footnotes":""},"categories":[18],"tags":[],"class_list":["post-32641","post","type-post","status-publish","format-standard","has-post-thumbnail","hentry","category-parana"],"_links":{"self":[{"href":"https:\/\/acontecenafronteira.com.br\/index.php\/wp-json\/wp\/v2\/posts\/32641","targetHints":{"allow":["GET"]}}],"collection":[{"href":"https:\/\/acontecenafronteira.com.br\/index.php\/wp-json\/wp\/v2\/posts"}],"about":[{"href":"https:\/\/acontecenafronteira.com.br\/index.php\/wp-json\/wp\/v2\/types\/post"}],"replies":[{"embeddable":true,"href":"https:\/\/acontecenafronteira.com.br\/index.php\/wp-json\/wp\/v2\/comments?post=32641"}],"version-history":[{"count":1,"href":"https:\/\/acontecenafronteira.com.br\/index.php\/wp-json\/wp\/v2\/posts\/32641\/revisions"}],"predecessor-version":[{"id":32647,"href":"https:\/\/acontecenafronteira.com.br\/index.php\/wp-json\/wp\/v2\/posts\/32641\/revisions\/32647"}],"wp:featuredmedia":[{"embeddable":true,"href":"https:\/\/acontecenafronteira.com.br\/index.php\/wp-json\/wp\/v2\/media\/32648"}],"wp:attachment":[{"href":"https:\/\/acontecenafronteira.com.br\/index.php\/wp-json\/wp\/v2\/media?parent=32641"}],"wp:term":[{"taxonomy":"category","embeddable":true,"href":"https:\/\/acontecenafronteira.com.br\/index.php\/wp-json\/wp\/v2\/categories?post=32641"},{"taxonomy":"post_tag","embeddable":true,"href":"https:\/\/acontecenafronteira.com.br\/index.php\/wp-json\/wp\/v2\/tags?post=32641"}],"curies":[{"name":"wp","href":"https:\/\/api.w.org\/{rel}","templated":true}]}}