{"id":32639,"date":"2026-08-31T16:35:55","date_gmt":"2026-08-31T19:35:55","guid":{"rendered":"https:\/\/acontecenafronteira.com.br\/?p=32639"},"modified":"2026-08-31T16:35:55","modified_gmt":"2026-08-31T19:35:55","slug":"corrida-da-serra-2026-encerra-calendario-esportivo-em-morretes","status":"publish","type":"post","link":"https:\/\/acontecenafronteira.com.br\/index.php\/2026\/08\/31\/corrida-da-serra-2026-encerra-calendario-esportivo-em-morretes\/","title":{"rendered":"Corrida da Serra 2026 encerra calend\u00e1rio esportivo em Morretes"},"content":{"rendered":"<p>A charmosa cidade hist\u00f3rica de Morretes, no litoral do Paran\u00e1, se prepara para receber a segunda edi\u00e7\u00e3o da <strong>Corrida da Serra Verde Express<\/strong>. Marcada para o dia 13 de dezembro de 2026, com largada \u00e0s 6h30, a competi\u00e7\u00e3o promete encerrar o calend\u00e1rio esportivo do estado reunindo mais de 1.000 atletas em meio a paisagens de Mata Atl\u00e2ntica e casar\u00f5es coloniais.<\/p>\n<h2>Turismo e esporte no litoral paranaense<\/h2>\n<p>Situada a cerca de 70 km de Curitiba, a cidade fundada em 1733 \u00e9 famosa nacionalmente pelo tradicional barreado e pelo hist\u00f3rico passeio de trem que corta a Serra do Mar. A expectativa da organiza\u00e7\u00e3o \u00e9 dobrar o p\u00fablico da estreia, consolidando o munic\u00edpio como um polo de ecoturismo e atividades ao ar livre.<\/p>\n<h2>Percursos para todos os n\u00edveis<\/h2>\n<p>A programa\u00e7\u00e3o da prova foi estruturada para atender desde iniciantes at\u00e9 corredores experientes, com largada oficial no Coreto Jeff Petersen, na Pra\u00e7a dos Imigrantes. Os participantes podem escolher entre tr\u00eas modalidades diferentes:<\/p>\n<p>* <strong>Caminhada de 3 km<\/strong>: ideal para fam\u00edlias e iniciantes; * <strong>Corrida de 6 km<\/strong>: voltada para quem busca novos desafios; * <strong>Corrida de 10 km<\/strong>: destinada a atletas com rotina regular de treinos.<\/p>\n<p>Para participar das provas de 6 km e 10 km, a idade m\u00ednima exigida \u00e9 de 16 anos, conforme as diretrizes da Confedera\u00e7\u00e3o Brasileira de Atletismo (CBAT). O tempo m\u00e1ximo de conclus\u00e3o do trajeto \u00e9 de duas horas.<\/p>\n<h2>Inscri\u00e7\u00f5es, valores e kit do atleta<\/h2>\n<p>As inscri\u00e7\u00f5es j\u00e1 est\u00e3o abertas e divididas em lotes. O primeiro lote promocional segue dispon\u00edvel at\u00e9 30 de setembro de 2026 pelo valor de R$ 135,00. O segundo lote custa R$ 155,00 e vai at\u00e9 1\u00ba de dezembro de 2026, ou at\u00e9 o esgotamento do limite t\u00e9cnico de vagas.<\/p>\n<p>O pacote de inscri\u00e7\u00e3o inclui um kit completo com camiseta, sacochila, brindes, n\u00famero de peito, chip de cronometragem, hidrata\u00e7\u00e3o durante o percurso e medalha de participa\u00e7\u00e3o para todos os concluintes.<\/p>\n<h2>Premia\u00e7\u00e3o conectada ao turismo<\/h2>\n<p>Refor\u00e7ando o DNA tur\u00edstico da regi\u00e3o, os vencedores das categorias gerais de 6 km e 10 km receber\u00e3o pr\u00eamios diferenciados, como passagens a\u00e9reas para Jo\u00e3o Pessoa com hospedagem para a maratona local, di\u00e1rias em pousadas na Ilha do Mel e vouchers para o luxuoso passeio de trem em vag\u00e3o Boutique. A cerim\u00f4nia de premia\u00e7\u00e3o contempla ainda trof\u00e9us para os melhores colocados por faixa et\u00e1ria.<\/p>\n<p>Por Reda\u00e7\u00e3o Acontece<\/p>\n<p>Divulga\u00e7\u00e3o\/Serra Verde Express<\/p>\n","protected":false},"excerpt":{"rendered":"<p>A charmosa cidade hist\u00f3rica de Morretes, no litoral do Paran\u00e1, se prepara para receber a segunda edi\u00e7\u00e3o da Corrida da Serra Verde Express. Marcada para o dia 13 de dezembro de 2026, com largada \u00e0s 6h30, a competi\u00e7\u00e3o promete encerrar o calend\u00e1rio esportivo do estado reunindo mais de 1.000 atletas em meio a paisagens de [&hellip;]<\/p>\n","protected":false},"author":0,"featured_media":32644,"comment_status":"open","ping_status":"open","sticky":false,"template":"","format":"standard","meta":{"footnotes":""},"categories":[18],"tags":[],"class_list":["post-32639","post","type-post","status-publish","format-standard","has-post-thumbnail","hentry","category-parana"],"_links":{"self":[{"href":"https:\/\/acontecenafronteira.com.br\/index.php\/wp-json\/wp\/v2\/posts\/32639","targetHints":{"allow":["GET"]}}],"collection":[{"href":"https:\/\/acontecenafronteira.com.br\/index.php\/wp-json\/wp\/v2\/posts"}],"about":[{"href":"https:\/\/acontecenafronteira.com.br\/index.php\/wp-json\/wp\/v2\/types\/post"}],"replies":[{"embeddable":true,"href":"https:\/\/acontecenafronteira.com.br\/index.php\/wp-json\/wp\/v2\/comments?post=32639"}],"version-history":[{"count":1,"href":"https:\/\/acontecenafronteira.com.br\/index.php\/wp-json\/wp\/v2\/posts\/32639\/revisions"}],"predecessor-version":[{"id":32643,"href":"https:\/\/acontecenafronteira.com.br\/index.php\/wp-json\/wp\/v2\/posts\/32639\/revisions\/32643"}],"wp:featuredmedia":[{"embeddable":true,"href":"https:\/\/acontecenafronteira.com.br\/index.php\/wp-json\/wp\/v2\/media\/32644"}],"wp:attachment":[{"href":"https:\/\/acontecenafronteira.com.br\/index.php\/wp-json\/wp\/v2\/media?parent=32639"}],"wp:term":[{"taxonomy":"category","embeddable":true,"href":"https:\/\/acontecenafronteira.com.br\/index.php\/wp-json\/wp\/v2\/categories?post=32639"},{"taxonomy":"post_tag","embeddable":true,"href":"https:\/\/acontecenafronteira.com.br\/index.php\/wp-json\/wp\/v2\/tags?post=32639"}],"curies":[{"name":"wp","href":"https:\/\/api.w.org\/{rel}","templated":true}]}}