{"id":32630,"date":"2026-08-31T15:37:16","date_gmt":"2026-08-31T18:37:16","guid":{"rendered":"https:\/\/acontecenafronteira.com.br\/?p=32630"},"modified":"2026-08-31T15:37:16","modified_gmt":"2026-08-31T18:37:16","slug":"homem-vira-reu-por-tentativa-de-feminicidio-apos-jogar-ex-de-penhasco","status":"publish","type":"post","link":"https:\/\/acontecenafronteira.com.br\/index.php\/2026\/08\/31\/homem-vira-reu-por-tentativa-de-feminicidio-apos-jogar-ex-de-penhasco\/","title":{"rendered":"Homem vira r\u00e9u por tentativa de feminic\u00eddio ap\u00f3s jogar ex de penhasco"},"content":{"rendered":"<p>O homem de 52 anos apontado como autor da tentativa de feminic\u00eddio contra a ex-companheira, arremessada de um penhasco na Serra do Rola-Mo\u00e7a, na Regi\u00e3o Metropolitana de Belo Horizonte, tornou-se r\u00e9u perante a Justi\u00e7a mineira.<\/p>\n<h2>Andamento da A\u00e7\u00e3o Penal e Segredo de Justi\u00e7a<\/h2>\n<p>O Tribunal de Justi\u00e7a de Minas Gerais confirmou que o acusado, identificado como Silvanildo Am\u00e2ncio de Ara\u00fajo, passou por uma audi\u00eancia de instru\u00e7\u00e3o e julgamento em 24 de agosto.<\/p>\n<p>Como o processo tramita sob sigilo, os detalhes exatos sobre todas as acusa\u00e7\u00f5es formais, al\u00e9m da tentativa de feminic\u00eddio, n\u00e3o foram totalmente divulgados, embora ele tenha sido previamente indiciado por seis crimes distintos. Atualmente, o judici\u00e1rio aguarda a entrega das alega\u00e7\u00f5es finais tanto da defesa quanto da acusa\u00e7\u00e3o.<\/p>\n<h2>Hist\u00f3rico e Investiga\u00e7\u00e3o do Crime<\/h2>\n<p>O Minist\u00e9rio P\u00fablico de Minas Gerais confirmou o recebimento da den\u00fancia por viol\u00eancia dom\u00e9stica e familiar contra a mulher, assumindo a condu\u00e7\u00e3o da a\u00e7\u00e3o penal. A investiga\u00e7\u00e3o aponta que a v\u00edtima, Ana Cl\u00e1udia, foi surpreendida pelo agressor ao descer do \u00f4nibus a caminho do trabalho.<\/p>\n<p>O pr\u00f3prio suspeito confessou \u00e0 pol\u00edcia, no momento da pris\u00e3o em flagrante, que obrigou a mulher a entrar em seu ve\u00edculo, levou-a at\u00e9 a \u00e1rea do Jardim Canad\u00e1, em Nova Lima, e a empunhou do abismo. Ele ainda admitiu ter percebido que ela resistiu \u00e0 queda, mas desistiu de descer at\u00e9 o local devido \u00e0 dificuldade de acesso.<\/p>\n<h2>Resgate e Provas Coletadas<\/h2>\n<p>A v\u00edtima foi localizada com vida ap\u00f3s passar horas em uma zona de vegeta\u00e7\u00e3o densa e recebeu alta do Hospital Jo\u00e3o XXIII, sendo posteriormente encaminhada ao Hospital Odilon Behrens para a realiza\u00e7\u00e3o de exames periciais que confirmaram o crime de estupro.<\/p>\n<p>Durante a pris\u00e3o, a Pol\u00edcia Militar apreendeu com o suspeito vestimentas, facas, um canivete utilizado para amea\u00e7as e um telefone celular envolto em papel-alum\u00ednio, estrat\u00e9gia usada para tentar burlar o rastreamento via GPS. Dias antes do ataque, em 21 de maio, Ana Cl\u00e1udia havia solicitado uma medida protetiva de urg\u00eancia contra o ex-companheiro.<\/p>\n<p>Por Reda\u00e7\u00e3o Acontece<\/p>\n<p>Imagem: Divulga\u00e7\u00e3o \/ Pol\u00edcia Civil<\/p>\n","protected":false},"excerpt":{"rendered":"<p>O homem de 52 anos apontado como autor da tentativa de feminic\u00eddio contra a ex-companheira, arremessada de um penhasco na Serra do Rola-Mo\u00e7a, na Regi\u00e3o Metropolitana de Belo Horizonte, tornou-se r\u00e9u perante a Justi\u00e7a mineira. Andamento da A\u00e7\u00e3o Penal e Segredo de Justi\u00e7a O Tribunal de Justi\u00e7a de Minas Gerais confirmou que o acusado, identificado [&hellip;]<\/p>\n","protected":false},"author":0,"featured_media":32636,"comment_status":"open","ping_status":"open","sticky":false,"template":"","format":"standard","meta":{"footnotes":""},"categories":[6],"tags":[],"class_list":["post-32630","post","type-post","status-publish","format-standard","has-post-thumbnail","hentry","category-mercosul"],"_links":{"self":[{"href":"https:\/\/acontecenafronteira.com.br\/index.php\/wp-json\/wp\/v2\/posts\/32630","targetHints":{"allow":["GET"]}}],"collection":[{"href":"https:\/\/acontecenafronteira.com.br\/index.php\/wp-json\/wp\/v2\/posts"}],"about":[{"href":"https:\/\/acontecenafronteira.com.br\/index.php\/wp-json\/wp\/v2\/types\/post"}],"replies":[{"embeddable":true,"href":"https:\/\/acontecenafronteira.com.br\/index.php\/wp-json\/wp\/v2\/comments?post=32630"}],"version-history":[{"count":1,"href":"https:\/\/acontecenafronteira.com.br\/index.php\/wp-json\/wp\/v2\/posts\/32630\/revisions"}],"predecessor-version":[{"id":32635,"href":"https:\/\/acontecenafronteira.com.br\/index.php\/wp-json\/wp\/v2\/posts\/32630\/revisions\/32635"}],"wp:featuredmedia":[{"embeddable":true,"href":"https:\/\/acontecenafronteira.com.br\/index.php\/wp-json\/wp\/v2\/media\/32636"}],"wp:attachment":[{"href":"https:\/\/acontecenafronteira.com.br\/index.php\/wp-json\/wp\/v2\/media?parent=32630"}],"wp:term":[{"taxonomy":"category","embeddable":true,"href":"https:\/\/acontecenafronteira.com.br\/index.php\/wp-json\/wp\/v2\/categories?post=32630"},{"taxonomy":"post_tag","embeddable":true,"href":"https:\/\/acontecenafronteira.com.br\/index.php\/wp-json\/wp\/v2\/tags?post=32630"}],"curies":[{"name":"wp","href":"https:\/\/api.w.org\/{rel}","templated":true}]}}