{"id":32620,"date":"2026-08-31T15:37:01","date_gmt":"2026-08-31T18:37:01","guid":{"rendered":"https:\/\/acontecenafronteira.com.br\/?p=32620"},"modified":"2026-08-31T15:37:01","modified_gmt":"2026-08-31T18:37:01","slug":"vasco-envia-advogado-para-acompanhar-depoimento-de-david","status":"publish","type":"post","link":"https:\/\/acontecenafronteira.com.br\/index.php\/2026\/08\/31\/vasco-envia-advogado-para-acompanhar-depoimento-de-david\/","title":{"rendered":"Vasco envia advogado para acompanhar depoimento de David"},"content":{"rendered":"<p>O departamento jur\u00eddico do Vasco prestou assist\u00eancia imediata ao atacante David Corr\u00eaa, enviando um advogado criminalista para acompanhar o jogador em depoimento na 14\u00aa Delegacia de Pol\u00edcia, no Leblon, zona sul do Rio de Janeiro.<\/p>\n<h2>A opera\u00e7\u00e3o policial na resid\u00eancia e no CT<\/h2>\n<p>\nA a\u00e7\u00e3o da Pol\u00edcia Civil faz parte de uma investiga\u00e7\u00e3o sobre uma organiza\u00e7\u00e3o criminosa interestadual suspeita de envolvimento com tr\u00e1fico de drogas, com\u00e9rcio ilegal de armas e conex\u00f5es com fac\u00e7\u00f5es. Na manh\u00e3 desta segunda-feira, equipes policiais cumpriram mandados de busca e apreens\u00e3o na resid\u00eancia do atleta, localizada na Barra da Tijuca, e tamb\u00e9m compareceram ao Centro de Treinamento do clube por volta das 5h50 para inspecionar os pertences pessoais do jogador.<\/p>\n<h2>Rea\u00e7\u00e3o do clube e apoio jur\u00eddico<\/h2>\n<p>\nO diretor t\u00e9cnico Felipe Maestro, que costuma chegar cedo \u00e0s instala\u00e7\u00f5es, recebeu os agentes na entrada do CT e os acompanhou at\u00e9 o vesti\u00e1rio, onde ficam armazenados apenas materiais de treino. Os policiais apresentaram os mandados judiciais, mas n\u00e3o forneceram maiores detalhes sobre a suposta liga\u00e7\u00e3o do atleta com os crimes investigados.<\/p>\n<p>Diante da surpresa e do estado de choque inicial de David, a SAF do clube cruz-maltino articulou rapidamente com a associa\u00e7\u00e3o o envio de representa\u00e7\u00e3o legal. O atacante dirigiu-se \u00e0 delegacia em seu pr\u00f3prio ve\u00edculo, amparado por um advogado munido de credencial vasca\u00edna. O empres\u00e1rio do atleta, Andr\u00e9 Cury, deslocou-se at\u00e9 a capital fluminense e negou veementemente qualquer liga\u00e7\u00e3o do cliente com atividades il\u00edcigenas.<\/p>\n<h2>Situa\u00e7\u00e3o do atleta para a pr\u00f3xima partida<\/h2>\n<p>\nAp\u00f3s prestar os esclarecimentos \u00e0s autoridades, David retornou ao CT e integrou-se \u00e0s atividades f\u00edsicas com o restante do elenco. A diretoria optou por preservar a imagem do atleta, evitando a divulga\u00e7\u00e3o de imagens dos treinamentos ou questionamentos imediatos sobre o caso em um primeiro momento.<\/p>\n<p>A c\u00fapula do futebol vasca\u00edno descartou qualquer possibilidade de afastamento preventivo do atacante. O jogador segue confirmado na lista de relacionados para o confronto contra o Vit\u00f3ria, v\u00e1lido pela Copa do Brasil e marcado para a pr\u00f3xima quarta-feira, a menos que manifeste incapacidade emocional para atuar.<\/p>\n<p>Por Reda\u00e7\u00e3o Acontece<\/p>\n<p>Foto: Divulga\u00e7\u00e3o\/Vasco<\/p>\n","protected":false},"excerpt":{"rendered":"<p>O departamento jur\u00eddico do Vasco prestou assist\u00eancia imediata ao atacante David Corr\u00eaa, enviando um advogado criminalista para acompanhar o jogador em depoimento na 14\u00aa Delegacia de Pol\u00edcia, no Leblon, zona sul do Rio de Janeiro. A opera\u00e7\u00e3o policial na resid\u00eancia e no CT A a\u00e7\u00e3o da Pol\u00edcia Civil faz parte de uma investiga\u00e7\u00e3o sobre uma [&hellip;]<\/p>\n","protected":false},"author":0,"featured_media":32628,"comment_status":"open","ping_status":"open","sticky":false,"template":"","format":"standard","meta":{"footnotes":""},"categories":[28],"tags":[],"class_list":["post-32620","post","type-post","status-publish","format-standard","has-post-thumbnail","hentry","category-mundo"],"_links":{"self":[{"href":"https:\/\/acontecenafronteira.com.br\/index.php\/wp-json\/wp\/v2\/posts\/32620","targetHints":{"allow":["GET"]}}],"collection":[{"href":"https:\/\/acontecenafronteira.com.br\/index.php\/wp-json\/wp\/v2\/posts"}],"about":[{"href":"https:\/\/acontecenafronteira.com.br\/index.php\/wp-json\/wp\/v2\/types\/post"}],"replies":[{"embeddable":true,"href":"https:\/\/acontecenafronteira.com.br\/index.php\/wp-json\/wp\/v2\/comments?post=32620"}],"version-history":[{"count":1,"href":"https:\/\/acontecenafronteira.com.br\/index.php\/wp-json\/wp\/v2\/posts\/32620\/revisions"}],"predecessor-version":[{"id":32627,"href":"https:\/\/acontecenafronteira.com.br\/index.php\/wp-json\/wp\/v2\/posts\/32620\/revisions\/32627"}],"wp:featuredmedia":[{"embeddable":true,"href":"https:\/\/acontecenafronteira.com.br\/index.php\/wp-json\/wp\/v2\/media\/32628"}],"wp:attachment":[{"href":"https:\/\/acontecenafronteira.com.br\/index.php\/wp-json\/wp\/v2\/media?parent=32620"}],"wp:term":[{"taxonomy":"category","embeddable":true,"href":"https:\/\/acontecenafronteira.com.br\/index.php\/wp-json\/wp\/v2\/categories?post=32620"},{"taxonomy":"post_tag","embeddable":true,"href":"https:\/\/acontecenafronteira.com.br\/index.php\/wp-json\/wp\/v2\/tags?post=32620"}],"curies":[{"name":"wp","href":"https:\/\/api.w.org\/{rel}","templated":true}]}}