{"id":32618,"date":"2026-08-31T15:36:51","date_gmt":"2026-08-31T18:36:51","guid":{"rendered":"https:\/\/acontecenafronteira.com.br\/?p=32618"},"modified":"2026-08-31T15:36:51","modified_gmt":"2026-08-31T18:36:51","slug":"centro-cultural-correios-garante-exposicoes-de-2024-no-rio","status":"publish","type":"post","link":"https:\/\/acontecenafronteira.com.br\/index.php\/2026\/08\/31\/centro-cultural-correios-garante-exposicoes-de-2024-no-rio\/","title":{"rendered":"Centro Cultural Correios garante exposi\u00e7\u00f5es de 2024 no Rio"},"content":{"rendered":"<p>Centro Cultural Correios garante exposi\u00e7\u00f5es de 2024 no Rio Apesar de crise e preju\u00edzo bilion\u00e1rio, Centro Cultural Correios confirma exposi\u00e7\u00f5es no Rio de Janeiro at\u00e9 dezembro, mas setor cultural teme futuro. O <strong>Centro Cultural Correios<\/strong>, localizado na regi\u00e3o central do Rio de Janeiro, garantiu a realiza\u00e7\u00e3o de todas as exposi\u00e7\u00f5es j\u00e1 programadas at\u00e9 dezembro deste ano. A decis\u00e3o traz al\u00edvio para o <strong>setor art\u00edstico<\/strong> ap\u00f3s um per\u00edodo de incertezas gerado pela suspens\u00e3o tempor\u00e1ria do calend\u00e1rio oficial. <\/p>\n<h2>Crise financeira e impacto na estatal<\/h2>\n<p> A manuten\u00e7\u00e3o das mostras ocorre em meio a um cen\u00e1rio financeiro delicado enfrentado pela empresa mantenedora. Os <strong>Correios<\/strong> registraram um preju\u00edzo de aproximadamente R$ 5,6 bilh\u00f5es no primeiro semestre, com proje\u00e7\u00f5es indicando que o ano de 2026 pode fechar com o pior resultado hist\u00f3rico da companhia. <\/p>\n<h2>Revis\u00e3o de contratos e futuro incerto<\/h2>\n<p> Diante desse quadro, a estatal informou que est\u00e1 reavaliando o modelo de cess\u00e3o de uso das depend\u00eancias com foco na sustentabilidade e na otimiza\u00e7\u00e3o de recursos. Novas diretrizes para a ocupa\u00e7\u00e3o do <strong>espa\u00e7o cultural<\/strong> no pr\u00f3ximo ano ainda ser\u00e3o divulgadas, mantendo o setor em estado de alerta. <\/p>\n<h2>Import\u00e2ncia para novos artistas<\/h2>\n<p> A institui\u00e7\u00e3o \u00e9 tradicionalmente muito procurada por <strong>artistas em in\u00edcio de carreira<\/strong> devido aos custos acess\u00edveis e \u00e0 localiza\u00e7\u00e3o estrat\u00e9gica no circuito cultural carioca, pr\u00f3ximo a outros polos como o CCBB e o Pa\u00e7o Imperial. A perda ou enfraquecimento de um espa\u00e7o desse porte representaria um duro golpe para a cena art\u00edstica local. Por Reda\u00e7\u00e3o Acontece Leo Martins<\/p>\n","protected":false},"excerpt":{"rendered":"<p>Centro Cultural Correios garante exposi\u00e7\u00f5es de 2024 no Rio Apesar de crise e preju\u00edzo bilion\u00e1rio, Centro Cultural Correios confirma exposi\u00e7\u00f5es no Rio de Janeiro at\u00e9 dezembro, mas setor cultural teme futuro. O Centro Cultural Correios, localizado na regi\u00e3o central do Rio de Janeiro, garantiu a realiza\u00e7\u00e3o de todas as exposi\u00e7\u00f5es j\u00e1 programadas at\u00e9 dezembro deste [&hellip;]<\/p>\n","protected":false},"author":0,"featured_media":32624,"comment_status":"open","ping_status":"open","sticky":false,"template":"","format":"standard","meta":{"footnotes":""},"categories":[28],"tags":[],"class_list":["post-32618","post","type-post","status-publish","format-standard","has-post-thumbnail","hentry","category-mundo"],"_links":{"self":[{"href":"https:\/\/acontecenafronteira.com.br\/index.php\/wp-json\/wp\/v2\/posts\/32618","targetHints":{"allow":["GET"]}}],"collection":[{"href":"https:\/\/acontecenafronteira.com.br\/index.php\/wp-json\/wp\/v2\/posts"}],"about":[{"href":"https:\/\/acontecenafronteira.com.br\/index.php\/wp-json\/wp\/v2\/types\/post"}],"replies":[{"embeddable":true,"href":"https:\/\/acontecenafronteira.com.br\/index.php\/wp-json\/wp\/v2\/comments?post=32618"}],"version-history":[{"count":1,"href":"https:\/\/acontecenafronteira.com.br\/index.php\/wp-json\/wp\/v2\/posts\/32618\/revisions"}],"predecessor-version":[{"id":32623,"href":"https:\/\/acontecenafronteira.com.br\/index.php\/wp-json\/wp\/v2\/posts\/32618\/revisions\/32623"}],"wp:featuredmedia":[{"embeddable":true,"href":"https:\/\/acontecenafronteira.com.br\/index.php\/wp-json\/wp\/v2\/media\/32624"}],"wp:attachment":[{"href":"https:\/\/acontecenafronteira.com.br\/index.php\/wp-json\/wp\/v2\/media?parent=32618"}],"wp:term":[{"taxonomy":"category","embeddable":true,"href":"https:\/\/acontecenafronteira.com.br\/index.php\/wp-json\/wp\/v2\/categories?post=32618"},{"taxonomy":"post_tag","embeddable":true,"href":"https:\/\/acontecenafronteira.com.br\/index.php\/wp-json\/wp\/v2\/tags?post=32618"}],"curies":[{"name":"wp","href":"https:\/\/api.w.org\/{rel}","templated":true}]}}