{"id":32609,"date":"2026-08-31T15:36:30","date_gmt":"2026-08-31T18:36:30","guid":{"rendered":"https:\/\/acontecenafronteira.com.br\/?p=32609"},"modified":"2026-08-31T15:36:30","modified_gmt":"2026-08-31T18:36:30","slug":"luciano-carvalho-assume-vaga-e-sela-saida-de-lorens-na-cmc","status":"publish","type":"post","link":"https:\/\/acontecenafronteira.com.br\/index.php\/2026\/08\/31\/luciano-carvalho-assume-vaga-e-sela-saida-de-lorens-na-cmc\/","title":{"rendered":"Luciano Carvalho assume vaga e sela sa\u00edda de L\u00f3rens na CMC"},"content":{"rendered":"<p>A cadeira j\u00e1 tinha um novo ocupante anunciado, mas faltava o \u00faltimo ato. Nesta segunda-feira (31), a posse de Luciano Carvalho (PP) na C\u00e2mara Municipal de Curitiba colocou um ponto final na trajet\u00f3ria recente de L\u00f3rens pelo Legislativo da capital paranaense.<\/p>\n<h2>A solenidade de posse no Legislativo<\/h2>\n<p>A cerim\u00f4nia que oficializou a entrada de Carvalho ocorreu no in\u00edcio da semana, consolidando as movimenta\u00e7\u00f5es pol\u00edticas previstas para a composi\u00e7\u00e3o da Casa. O evento marcou a transi\u00e7\u00e3o definitiva de for\u00e7as na bancada.<\/p>\n<h2>Mudan\u00e7as na configura\u00e7\u00e3o da C\u00e2mara<\/h2>\n<p>Com a chegada do novo parlamentar pelo Partido Progressista, a din\u00e2mica interna passa por ajustes. A sa\u00edda de L\u00f3rens encerra um cap\u00edtulo espec\u00edfico e abre espa\u00e7o para novas prioridades na atua\u00e7\u00e3o legislativa da Casa.<\/p>\n<p>A partir de agora, o foco se volta para a adapta\u00e7\u00e3o de Carvalho \u00e0s comiss\u00f5es e aos projetos em tramita\u00e7\u00e3o, enquanto o cen\u00e1rio pol\u00edtico municipal absorve a nova configura\u00e7\u00e3o partid\u00e1ria.<\/p>\n<p>Por Reda\u00e7\u00e3o Acontece<\/p>\n<p>Cr\u00e9ditos da imagem: Divulga\u00e7\u00e3o\/CMC<\/p>\n","protected":false},"excerpt":{"rendered":"<p>A cadeira j\u00e1 tinha um novo ocupante anunciado, mas faltava o \u00faltimo ato. Nesta segunda-feira (31), a posse de Luciano Carvalho (PP) na C\u00e2mara Municipal de Curitiba colocou um ponto final na trajet\u00f3ria recente de L\u00f3rens pelo Legislativo da capital paranaense. A solenidade de posse no Legislativo A cerim\u00f4nia que oficializou a entrada de Carvalho [&hellip;]<\/p>\n","protected":false},"author":0,"featured_media":32616,"comment_status":"open","ping_status":"open","sticky":false,"template":"","format":"standard","meta":{"footnotes":""},"categories":[18],"tags":[],"class_list":["post-32609","post","type-post","status-publish","format-standard","has-post-thumbnail","hentry","category-parana"],"_links":{"self":[{"href":"https:\/\/acontecenafronteira.com.br\/index.php\/wp-json\/wp\/v2\/posts\/32609","targetHints":{"allow":["GET"]}}],"collection":[{"href":"https:\/\/acontecenafronteira.com.br\/index.php\/wp-json\/wp\/v2\/posts"}],"about":[{"href":"https:\/\/acontecenafronteira.com.br\/index.php\/wp-json\/wp\/v2\/types\/post"}],"replies":[{"embeddable":true,"href":"https:\/\/acontecenafronteira.com.br\/index.php\/wp-json\/wp\/v2\/comments?post=32609"}],"version-history":[{"count":1,"href":"https:\/\/acontecenafronteira.com.br\/index.php\/wp-json\/wp\/v2\/posts\/32609\/revisions"}],"predecessor-version":[{"id":32615,"href":"https:\/\/acontecenafronteira.com.br\/index.php\/wp-json\/wp\/v2\/posts\/32609\/revisions\/32615"}],"wp:featuredmedia":[{"embeddable":true,"href":"https:\/\/acontecenafronteira.com.br\/index.php\/wp-json\/wp\/v2\/media\/32616"}],"wp:attachment":[{"href":"https:\/\/acontecenafronteira.com.br\/index.php\/wp-json\/wp\/v2\/media?parent=32609"}],"wp:term":[{"taxonomy":"category","embeddable":true,"href":"https:\/\/acontecenafronteira.com.br\/index.php\/wp-json\/wp\/v2\/categories?post=32609"},{"taxonomy":"post_tag","embeddable":true,"href":"https:\/\/acontecenafronteira.com.br\/index.php\/wp-json\/wp\/v2\/tags?post=32609"}],"curies":[{"name":"wp","href":"https:\/\/api.w.org\/{rel}","templated":true}]}}