{"id":32608,"date":"2026-08-31T15:36:27","date_gmt":"2026-08-31T18:36:27","guid":{"rendered":"https:\/\/acontecenafronteira.com.br\/?p=32608"},"modified":"2026-08-31T15:36:27","modified_gmt":"2026-08-31T18:36:27","slug":"justica-decreta-falencia-do-grupo-refit-dono-da-manguinhos","status":"publish","type":"post","link":"https:\/\/acontecenafronteira.com.br\/index.php\/2026\/08\/31\/justica-decreta-falencia-do-grupo-refit-dono-da-manguinhos\/","title":{"rendered":"Justi\u00e7a decreta fal\u00eancia do Grupo Refit, dono da Manguinhos"},"content":{"rendered":"<p>A Justi\u00e7a do Estado do Rio de Janeiro decretou oficialmente nesta segunda-feira (31) a fal\u00eancia das empresas que comp\u00f5em o <strong>Grupo Refit<\/strong>, conglomerate respons\u00e1vel pela gest\u00e3o da tradicional e antiga Refinaria de Manguinhos, situada na Zona Norte da capital fluminense.<\/p>\n<h2>Impactos na economia local<\/h2>\n<p>A decis\u00e3o judicial traz novas incertezas para o setor de combust\u00edveis no estado e repercute diretamente entre credores, parceiros comerciais e trabalhadores ligados \u00e0 opera\u00e7\u00e3o da antiga refinaria.<\/p>\n<h2>Hist\u00f3rico de crises financeiras<\/h2>\n<p>O grupo vinha enfrentando um longo per\u00edodo de instabilidade econ\u00f4mica, marcado por processos de recupera\u00e7\u00e3o judicial e disputas tribut\u00e1rias que culminaram na decreta\u00e7\u00e3o da quebra empresarial pelo tribunal carioca.<\/p>\n<p>As dificuldades operacionais e o endre\u00e7amento acumulado ao longo dos \u00faltimos anos tornaram insustent\u00e1vel a manuten\u00e7\u00e3o das atividades financeiras das companhias que formam o conglomerado.<\/p>\n<h2>Pr\u00f3ximos passos do processo<\/h2>\n<p>Com a determina\u00e7\u00e3o da fal\u00eancia, a Justi\u00e7a passar\u00e1 a nomear administradores judiciais para realizar a arrecada\u00e7\u00e3o de bens e o levantamento completo dos passivos para pagamento dos credores.<\/p>\n<p>A medida representa o cap\u00edtulo mais dr\u00e1stico da derrocada da empresa que j\u00e1 teve forte atua\u00e7\u00e3o no mercado de refino de petr\u00f3leo e distribui\u00e7\u00e3o de derivados no territ\u00f3rio fluminense.<\/p>\n<p>Por Reda\u00e7\u00e3o Acontece<\/p>\n<p>Cr\u00e9ditos da imagem: Divulga\u00e7\u00e3o \/ Arquivo<\/p>\n","protected":false},"excerpt":{"rendered":"<p>A Justi\u00e7a do Estado do Rio de Janeiro decretou oficialmente nesta segunda-feira (31) a fal\u00eancia das empresas que comp\u00f5em o Grupo Refit, conglomerate respons\u00e1vel pela gest\u00e3o da tradicional e antiga Refinaria de Manguinhos, situada na Zona Norte da capital fluminense. Impactos na economia local A decis\u00e3o judicial traz novas incertezas para o setor de combust\u00edveis [&hellip;]<\/p>\n","protected":false},"author":0,"featured_media":32614,"comment_status":"open","ping_status":"open","sticky":false,"template":"","format":"standard","meta":{"footnotes":""},"categories":[18],"tags":[],"class_list":["post-32608","post","type-post","status-publish","format-standard","has-post-thumbnail","hentry","category-parana"],"_links":{"self":[{"href":"https:\/\/acontecenafronteira.com.br\/index.php\/wp-json\/wp\/v2\/posts\/32608","targetHints":{"allow":["GET"]}}],"collection":[{"href":"https:\/\/acontecenafronteira.com.br\/index.php\/wp-json\/wp\/v2\/posts"}],"about":[{"href":"https:\/\/acontecenafronteira.com.br\/index.php\/wp-json\/wp\/v2\/types\/post"}],"replies":[{"embeddable":true,"href":"https:\/\/acontecenafronteira.com.br\/index.php\/wp-json\/wp\/v2\/comments?post=32608"}],"version-history":[{"count":1,"href":"https:\/\/acontecenafronteira.com.br\/index.php\/wp-json\/wp\/v2\/posts\/32608\/revisions"}],"predecessor-version":[{"id":32613,"href":"https:\/\/acontecenafronteira.com.br\/index.php\/wp-json\/wp\/v2\/posts\/32608\/revisions\/32613"}],"wp:featuredmedia":[{"embeddable":true,"href":"https:\/\/acontecenafronteira.com.br\/index.php\/wp-json\/wp\/v2\/media\/32614"}],"wp:attachment":[{"href":"https:\/\/acontecenafronteira.com.br\/index.php\/wp-json\/wp\/v2\/media?parent=32608"}],"wp:term":[{"taxonomy":"category","embeddable":true,"href":"https:\/\/acontecenafronteira.com.br\/index.php\/wp-json\/wp\/v2\/categories?post=32608"},{"taxonomy":"post_tag","embeddable":true,"href":"https:\/\/acontecenafronteira.com.br\/index.php\/wp-json\/wp\/v2\/tags?post=32608"}],"curies":[{"name":"wp","href":"https:\/\/api.w.org\/{rel}","templated":true}]}}