{"id":32607,"date":"2026-08-31T15:36:24","date_gmt":"2026-08-31T18:36:24","guid":{"rendered":"https:\/\/acontecenafronteira.com.br\/?p=32607"},"modified":"2026-08-31T15:36:24","modified_gmt":"2026-08-31T18:36:24","slug":"br-277-no-pr-antt-autoriza-desapropriacoes-em-32-km","status":"publish","type":"post","link":"https:\/\/acontecenafronteira.com.br\/index.php\/2026\/08\/31\/br-277-no-pr-antt-autoriza-desapropriacoes-em-32-km\/","title":{"rendered":"BR-277 no PR: ANTT autoriza desapropria\u00e7\u00f5es em 32 km"},"content":{"rendered":"<p>A <strong>Ag\u00eancia Nacional de Transportes Terrestres (ANTT)<\/strong> deu sinal verde para novas desapropria\u00e7\u00f5es de terras \u00e0s margens da rodovia BR-277, no estado do Paran\u00e1. A medida abrange um trecho total de 32,3 quil\u00f4metros e visa viabilizar interven\u00e7\u00f5es de infraestrutura na via.<\/p>\n<h2>Avan\u00e7o nas obras da rodovia<\/h2>\n<p>Quatro delibera\u00e7\u00f5es recentes da autarquia federal formalizaram a utilidade p\u00fablica de \u00e1reas lindeiras \u00e0 estrada, o que permite o in\u00edcio dos processos de desapropria\u00e7\u00e3o. Os trechos afetados est\u00e3o localizados em diferentes munic\u00edpios paranaenses cortados pela rodovia federal.<\/p>\n<h2>Impacto e pr\u00f3ximos passos<\/h2>\n<p>Com a publica\u00e7\u00e3o das portarias no Di\u00e1rio Oficial da Uni\u00e3o, a concession\u00e1ria respons\u00e1vel e os \u00f3rg\u00e3os competentes ficam autorizados a negociar a posse dos terrenos. O objetivo principal dessas interven\u00e7\u00f5es \u00e9 garantir espa\u00e7o para futuras duplica\u00e7\u00f5es, constru\u00e7\u00e3o de marginais e melhorias na seguran\u00e7a vi\u00e1ria.<\/p>\n<p>As desapropria\u00e7\u00f5es s\u00e3o etapas fundamentais para destravar gargalos log\u00edsticos hist\u00f3ricos na regi\u00e3o, facilitando o escoamento de safras e o tr\u00e1fego de cargas rumo ao Porto de Paranagu\u00e1. Propriet\u00e1rios cujos im\u00f3veis forem atingidos dever\u00e3o ser indenizados conforme os valores de mercado avaliados pela ag\u00eancia reguladora.<\/p>\n<p>Por Reda\u00e7\u00e3o Acontece<\/p>\n<p>Imagem: Divulga\u00e7\u00e3o\/ANTT<\/p>\n","protected":false},"excerpt":{"rendered":"<p>A Ag\u00eancia Nacional de Transportes Terrestres (ANTT) deu sinal verde para novas desapropria\u00e7\u00f5es de terras \u00e0s margens da rodovia BR-277, no estado do Paran\u00e1. A medida abrange um trecho total de 32,3 quil\u00f4metros e visa viabilizar interven\u00e7\u00f5es de infraestrutura na via. Avan\u00e7o nas obras da rodovia Quatro delibera\u00e7\u00f5es recentes da autarquia federal formalizaram a utilidade [&hellip;]<\/p>\n","protected":false},"author":0,"featured_media":32612,"comment_status":"open","ping_status":"open","sticky":false,"template":"","format":"standard","meta":{"footnotes":""},"categories":[18],"tags":[],"class_list":["post-32607","post","type-post","status-publish","format-standard","has-post-thumbnail","hentry","category-parana"],"_links":{"self":[{"href":"https:\/\/acontecenafronteira.com.br\/index.php\/wp-json\/wp\/v2\/posts\/32607","targetHints":{"allow":["GET"]}}],"collection":[{"href":"https:\/\/acontecenafronteira.com.br\/index.php\/wp-json\/wp\/v2\/posts"}],"about":[{"href":"https:\/\/acontecenafronteira.com.br\/index.php\/wp-json\/wp\/v2\/types\/post"}],"replies":[{"embeddable":true,"href":"https:\/\/acontecenafronteira.com.br\/index.php\/wp-json\/wp\/v2\/comments?post=32607"}],"version-history":[{"count":1,"href":"https:\/\/acontecenafronteira.com.br\/index.php\/wp-json\/wp\/v2\/posts\/32607\/revisions"}],"predecessor-version":[{"id":32611,"href":"https:\/\/acontecenafronteira.com.br\/index.php\/wp-json\/wp\/v2\/posts\/32607\/revisions\/32611"}],"wp:featuredmedia":[{"embeddable":true,"href":"https:\/\/acontecenafronteira.com.br\/index.php\/wp-json\/wp\/v2\/media\/32612"}],"wp:attachment":[{"href":"https:\/\/acontecenafronteira.com.br\/index.php\/wp-json\/wp\/v2\/media?parent=32607"}],"wp:term":[{"taxonomy":"category","embeddable":true,"href":"https:\/\/acontecenafronteira.com.br\/index.php\/wp-json\/wp\/v2\/categories?post=32607"},{"taxonomy":"post_tag","embeddable":true,"href":"https:\/\/acontecenafronteira.com.br\/index.php\/wp-json\/wp\/v2\/tags?post=32607"}],"curies":[{"name":"wp","href":"https:\/\/api.w.org\/{rel}","templated":true}]}}