{"id":32587,"date":"2026-08-31T14:37:11","date_gmt":"2026-08-31T17:37:11","guid":{"rendered":"https:\/\/acontecenafronteira.com.br\/?p=32587"},"modified":"2026-08-31T14:37:11","modified_gmt":"2026-08-31T17:37:11","slug":"lito-sousa-surpreende-farmaceuticas-com-lucidez-em-testes","status":"publish","type":"post","link":"https:\/\/acontecenafronteira.com.br\/index.php\/2026\/08\/31\/lito-sousa-surpreende-farmaceuticas-com-lucidez-em-testes\/","title":{"rendered":"Lito Sousa surpreende farmac\u00eauticas com lucidez em testes"},"content":{"rendered":"<p>O influenciador digital Lito Sousa, conhecido nacionalmente pelo canal Avi\u00f5es e M\u00fasicas, surpreendeu representantes da ind\u00fastria farmac\u00eautica durante negocia\u00e7\u00f5es para integrar os testes de um medicamento experimental. De acordo com o criador de conte\u00fado, os pesquisadores demonstraram forte espanto diante de sua clareza mental e capacidade cognitiva atual.<\/p>\n<h2>A luta contra a doen\u00e7a de Creutzfeldt-Jakob<\/h2>\n<p>Em entrevista recente ao programa Domingo Espetacular, da emissora Record, exibida no \u00faltimo domingo (30), Lito e sua esposa, Mila Seidl, detalharam a intensa jornada para viabilizar a entrada do influenciador em uma pesquisa cl\u00ednica voltada para combater uma condi\u00e7\u00e3o degenerativa rara, identificada como a doen\u00e7a de Creutzfeldt-Jakob.<\/p>\n<p>A primeira investida n\u00e3o obteve sucesso imediato, pois o grupo de volunt\u00e1rios j\u00e1 estava com as vagas esgotadas, mas o casal mant\u00e9m o di\u00e1logo aberto com os respons\u00e1veis pelo estudo cient\u00edfico. Durante a conversa com os executivos da farmac\u00eautica, o famoso detalhou seu hist\u00f3rico de carreira e demonstrou seu atual estado mental.<\/p>\n<h2>Expectativa por novos testes cl\u00ednicos<\/h2>\n<p>Apesar da rigidez dos protocolos que regem esse tipo de pesquisa m\u00e9dica, Lito mant\u00e9m a esperan\u00e7a de conseguir uma vaga nas pr\u00f3ximas etapas. A expectativa \u00e9 de que o processo de sele\u00e7\u00e3o seja reaberto em breve para a inclus\u00e3o de novos pacientes no tratamento, considerado bastante promissor pelos especialistas da \u00e1rea.<\/p>\n<h2>O papel fundamental da fam\u00edlia<\/h2>\n<p>Durante o relato, o influenciador fez quest\u00e3o de exaltar o apoio incans\u00e1vel da esposa, Mila Seidl, desde o surgimento dos primeiros sinais da enfermidade. Foi ela quem inicialmente percebeu as altera\u00e7\u00f5es em sua sa\u00fade e assumiu a linha de frente na busca por alternativas m\u00e9dicas e no contato com especialistas.<\/p>\n<p>O criador de conte\u00fado destacou que a dedica\u00e7\u00e3o da companheira tem sido vital para manter sua for\u00e7a diante do diagn\u00f3stico desafiador, ressaltando o esfor\u00e7o di\u00e1rio dela entre os cuidados hospitalares, a aten\u00e7\u00e3o ao filho do casal e a mobiliza\u00e7\u00e3o na internet por novas oportunidades de tratamento.<\/p>\n<p>Por Reda\u00e7\u00e3o Acontece<\/p>\n<p>Reprodu\u00e7\u00e3o\/Record \/ Redes Sociais<\/p>\n","protected":false},"excerpt":{"rendered":"<p>O influenciador digital Lito Sousa, conhecido nacionalmente pelo canal Avi\u00f5es e M\u00fasicas, surpreendeu representantes da ind\u00fastria farmac\u00eautica durante negocia\u00e7\u00f5es para integrar os testes de um medicamento experimental. De acordo com o criador de conte\u00fado, os pesquisadores demonstraram forte espanto diante de sua clareza mental e capacidade cognitiva atual. A luta contra a doen\u00e7a de Creutzfeldt-Jakob [&hellip;]<\/p>\n","protected":false},"author":0,"featured_media":32595,"comment_status":"open","ping_status":"open","sticky":false,"template":"","format":"standard","meta":{"footnotes":""},"categories":[6],"tags":[],"class_list":["post-32587","post","type-post","status-publish","format-standard","has-post-thumbnail","hentry","category-mercosul"],"_links":{"self":[{"href":"https:\/\/acontecenafronteira.com.br\/index.php\/wp-json\/wp\/v2\/posts\/32587","targetHints":{"allow":["GET"]}}],"collection":[{"href":"https:\/\/acontecenafronteira.com.br\/index.php\/wp-json\/wp\/v2\/posts"}],"about":[{"href":"https:\/\/acontecenafronteira.com.br\/index.php\/wp-json\/wp\/v2\/types\/post"}],"replies":[{"embeddable":true,"href":"https:\/\/acontecenafronteira.com.br\/index.php\/wp-json\/wp\/v2\/comments?post=32587"}],"version-history":[{"count":1,"href":"https:\/\/acontecenafronteira.com.br\/index.php\/wp-json\/wp\/v2\/posts\/32587\/revisions"}],"predecessor-version":[{"id":32594,"href":"https:\/\/acontecenafronteira.com.br\/index.php\/wp-json\/wp\/v2\/posts\/32587\/revisions\/32594"}],"wp:featuredmedia":[{"embeddable":true,"href":"https:\/\/acontecenafronteira.com.br\/index.php\/wp-json\/wp\/v2\/media\/32595"}],"wp:attachment":[{"href":"https:\/\/acontecenafronteira.com.br\/index.php\/wp-json\/wp\/v2\/media?parent=32587"}],"wp:term":[{"taxonomy":"category","embeddable":true,"href":"https:\/\/acontecenafronteira.com.br\/index.php\/wp-json\/wp\/v2\/categories?post=32587"},{"taxonomy":"post_tag","embeddable":true,"href":"https:\/\/acontecenafronteira.com.br\/index.php\/wp-json\/wp\/v2\/tags?post=32587"}],"curies":[{"name":"wp","href":"https:\/\/api.w.org\/{rel}","templated":true}]}}