{"id":32586,"date":"2026-08-31T14:37:06","date_gmt":"2026-08-31T17:37:06","guid":{"rendered":"https:\/\/acontecenafronteira.com.br\/?p=32586"},"modified":"2026-08-31T14:37:06","modified_gmt":"2026-08-31T17:37:06","slug":"sidney-sampaio-posa-com-filho-mais-velho-apos-anunciar-gravidez","status":"publish","type":"post","link":"https:\/\/acontecenafronteira.com.br\/index.php\/2026\/08\/31\/sidney-sampaio-posa-com-filho-mais-velho-apos-anunciar-gravidez\/","title":{"rendered":"Sidney Sampaio posa com filho mais velho ap\u00f3s anunciar gravidez"},"content":{"rendered":"<p>O ator <b>Sidney Sampaio<\/b> encantou seus seguidores ao publicar uma foto in\u00e9dita ao lado de seu filho mais velho, <b>Leonardo<\/b>, de 15 anos, fruto de seu antigo relacionamento com a produtora Juliana Gama, de quem se separou em 2012. O registro familiar veio a p\u00fablico poucos dias depois de o artista surpreender o p\u00fablico ao revelar que ser\u00e1 pai novamente.<\/p>\n<h2>A surpresa da gravidez com Luana Sales<\/h2>\n<p>Atualmente casado com a m\u00e9dica <b>Luana Sales<\/b> \u2014 uni\u00e3o oficializada em junho deste ano \u2014, o famoso vive uma fase de grande expectativa. Os dois anunciaram recentemente a espera do primeiro filho juntos atrav\u00e9s das redes sociais, destacando a emo\u00e7\u00e3o da chegada do herdeiro.<\/p>\n<p>Em entrevista recente, o ator abriu o jogo sobre como o casal descobriu a gesta\u00e7\u00e3o e relatou que a novidade veio ap\u00f3s alguns sintomas apresentados pela m\u00e9dica.<\/p>\n<h2>Detalhes da descoberta e planos futuros<\/h2>\n<p>Segundo o artista, Luana come\u00e7ou a apresentar enjoos e realizou testes r\u00e1pidos antes de preparar uma surpresa emocionante para ele com direito a uma roupinha de beb\u00ea. Embora tivessem o desejo de formar uma fam\u00edlia, a gravidez n\u00e3o foi planejada de forma r\u00edgida, j\u00e1 que a dermatologista havia interrompido o uso de anticoncepcionais h\u00e1 pouco tempo.<\/p>\n<p>Apesar da surpresa, o futuro papai garantiu que o cora\u00e7\u00e3o transbordou de alegria e que a novidade representa a realiza\u00e7\u00e3o de um sonho compartilhado com a esposa, al\u00e9m de proporcionar um irm\u00e3o ou irm\u00e3 para o jovem Leonardo. Sobre a escolha do nome do beb\u00ea, o casal ainda avalia op\u00e7\u00f5es e prefere manter o mist\u00e9rio por enquanto. Brincalh\u00e3o, o famoso tamb\u00e9m n\u00e3o descartou a possibilidade de ter mais herdeiros no futuro.<\/p>\n<p>Por Reda\u00e7\u00e3o Acontece<\/p>\n<p>Reprodu\u00e7\u00e3o\/Instagram<\/p>\n","protected":false},"excerpt":{"rendered":"<p>O ator Sidney Sampaio encantou seus seguidores ao publicar uma foto in\u00e9dita ao lado de seu filho mais velho, Leonardo, de 15 anos, fruto de seu antigo relacionamento com a produtora Juliana Gama, de quem se separou em 2012. O registro familiar veio a p\u00fablico poucos dias depois de o artista surpreender o p\u00fablico ao [&hellip;]<\/p>\n","protected":false},"author":0,"featured_media":32593,"comment_status":"open","ping_status":"open","sticky":false,"template":"","format":"standard","meta":{"footnotes":""},"categories":[6],"tags":[],"class_list":["post-32586","post","type-post","status-publish","format-standard","has-post-thumbnail","hentry","category-mercosul"],"_links":{"self":[{"href":"https:\/\/acontecenafronteira.com.br\/index.php\/wp-json\/wp\/v2\/posts\/32586","targetHints":{"allow":["GET"]}}],"collection":[{"href":"https:\/\/acontecenafronteira.com.br\/index.php\/wp-json\/wp\/v2\/posts"}],"about":[{"href":"https:\/\/acontecenafronteira.com.br\/index.php\/wp-json\/wp\/v2\/types\/post"}],"replies":[{"embeddable":true,"href":"https:\/\/acontecenafronteira.com.br\/index.php\/wp-json\/wp\/v2\/comments?post=32586"}],"version-history":[{"count":1,"href":"https:\/\/acontecenafronteira.com.br\/index.php\/wp-json\/wp\/v2\/posts\/32586\/revisions"}],"predecessor-version":[{"id":32592,"href":"https:\/\/acontecenafronteira.com.br\/index.php\/wp-json\/wp\/v2\/posts\/32586\/revisions\/32592"}],"wp:featuredmedia":[{"embeddable":true,"href":"https:\/\/acontecenafronteira.com.br\/index.php\/wp-json\/wp\/v2\/media\/32593"}],"wp:attachment":[{"href":"https:\/\/acontecenafronteira.com.br\/index.php\/wp-json\/wp\/v2\/media?parent=32586"}],"wp:term":[{"taxonomy":"category","embeddable":true,"href":"https:\/\/acontecenafronteira.com.br\/index.php\/wp-json\/wp\/v2\/categories?post=32586"},{"taxonomy":"post_tag","embeddable":true,"href":"https:\/\/acontecenafronteira.com.br\/index.php\/wp-json\/wp\/v2\/tags?post=32586"}],"curies":[{"name":"wp","href":"https:\/\/api.w.org\/{rel}","templated":true}]}}