{"id":32585,"date":"2026-08-31T14:37:02","date_gmt":"2026-08-31T17:37:02","guid":{"rendered":"https:\/\/acontecenafronteira.com.br\/?p=32585"},"modified":"2026-08-31T14:37:02","modified_gmt":"2026-08-31T17:37:02","slug":"campanha-de-flavio-bolsonaro-admite-cenario-dificil-no-sudeste","status":"publish","type":"post","link":"https:\/\/acontecenafronteira.com.br\/index.php\/2026\/08\/31\/campanha-de-flavio-bolsonaro-admite-cenario-dificil-no-sudeste\/","title":{"rendered":"Campanha de Fl\u00e1vio Bolsonaro admite cen\u00e1rio dif\u00edcil no Sudeste"},"content":{"rendered":"<p>O senador Rog\u00e9rio Marinho, coordenador da campanha presidencial de <strong>Fl\u00e1vio Bolsonaro<\/strong> (PL), admitiu nesta segunda-feira (31\/8) que o candidato enfrenta um cen\u00e1rio mais desafiador no Sudeste em compara\u00e7\u00e3o ao desempenho de Jair Bolsonaro em 2022. Durante evento do BTG Pactual, o parlamentar indicou que a regi\u00e3o exigir\u00e1 foco redobrado na reta final do primeiro turno.<\/p>\n<h2>Prioridade estrat\u00e9gica no Sudeste<\/h2>\n<p>A regi\u00e3o Sudeste concentra cerca de 42% do eleitorado nacional e abriga os tr\u00eas maiores col\u00e9gios eleitorais do pa\u00eds: S\u00e3o Paulo, Minas Gerais e Rio de Janeiro. Segundo o coordenador, a campanha intensificar\u00e1 a presen\u00e7a na \u00e1rea para estimular compara\u00e7\u00f5es entre as gest\u00f5es passadas, utilizando palanques locais importantes, como os do governador paulista Tarc\u00edsio de Freitas e do prefeito Ricardo Nunes.<\/p>\n<h2>Expectativa para o Nordeste<\/h2>\n<p>No tocante ao Nordeste, que responde por 27% dos votos do pa\u00eds, Marinho reconheceu a lideran\u00e7a do presidente <strong>Luiz In\u00e1cio Lula da Silva<\/strong> (PT), mas projetou uma margem de vit\u00f3ria inferior \u00e0 registrada no pleito anterior. O senador justificou a previs\u00e3o apostando no desgaste econ\u00f4mico percebido pelas fam\u00edlias locais em rela\u00e7\u00e3o aos pre\u00e7os dos alimentos nos supermercados.<\/p>\n<p>As declara\u00e7\u00f5es tamb\u00e9m contaram com fortes cr\u00edticas \u00e0 atual gest\u00e3o federal, abordando temas como pol\u00edtica fiscal, o poder Judici\u00e1rio e debates trabalhistas. Para o representante do PL, a substitui\u00e7\u00e3o do comando do Pal\u00e1cio do Planalto representaria o principal ajuste econ\u00f4mico vi\u00e1vel para o Brasil.<\/p>\n<p>Por Reda\u00e7\u00e3o Acontece<\/p>\n<p>Imagem: Divulga\u00e7\u00e3o \/ Campanha<\/p>\n","protected":false},"excerpt":{"rendered":"<p>O senador Rog\u00e9rio Marinho, coordenador da campanha presidencial de Fl\u00e1vio Bolsonaro (PL), admitiu nesta segunda-feira (31\/8) que o candidato enfrenta um cen\u00e1rio mais desafiador no Sudeste em compara\u00e7\u00e3o ao desempenho de Jair Bolsonaro em 2022. Durante evento do BTG Pactual, o parlamentar indicou que a regi\u00e3o exigir\u00e1 foco redobrado na reta final do primeiro turno. [&hellip;]<\/p>\n","protected":false},"author":0,"featured_media":32591,"comment_status":"open","ping_status":"open","sticky":false,"template":"","format":"standard","meta":{"footnotes":""},"categories":[6],"tags":[],"class_list":["post-32585","post","type-post","status-publish","format-standard","has-post-thumbnail","hentry","category-mercosul"],"_links":{"self":[{"href":"https:\/\/acontecenafronteira.com.br\/index.php\/wp-json\/wp\/v2\/posts\/32585","targetHints":{"allow":["GET"]}}],"collection":[{"href":"https:\/\/acontecenafronteira.com.br\/index.php\/wp-json\/wp\/v2\/posts"}],"about":[{"href":"https:\/\/acontecenafronteira.com.br\/index.php\/wp-json\/wp\/v2\/types\/post"}],"replies":[{"embeddable":true,"href":"https:\/\/acontecenafronteira.com.br\/index.php\/wp-json\/wp\/v2\/comments?post=32585"}],"version-history":[{"count":1,"href":"https:\/\/acontecenafronteira.com.br\/index.php\/wp-json\/wp\/v2\/posts\/32585\/revisions"}],"predecessor-version":[{"id":32590,"href":"https:\/\/acontecenafronteira.com.br\/index.php\/wp-json\/wp\/v2\/posts\/32585\/revisions\/32590"}],"wp:featuredmedia":[{"embeddable":true,"href":"https:\/\/acontecenafronteira.com.br\/index.php\/wp-json\/wp\/v2\/media\/32591"}],"wp:attachment":[{"href":"https:\/\/acontecenafronteira.com.br\/index.php\/wp-json\/wp\/v2\/media?parent=32585"}],"wp:term":[{"taxonomy":"category","embeddable":true,"href":"https:\/\/acontecenafronteira.com.br\/index.php\/wp-json\/wp\/v2\/categories?post=32585"},{"taxonomy":"post_tag","embeddable":true,"href":"https:\/\/acontecenafronteira.com.br\/index.php\/wp-json\/wp\/v2\/tags?post=32585"}],"curies":[{"name":"wp","href":"https:\/\/api.w.org\/{rel}","templated":true}]}}