{"id":32584,"date":"2026-08-31T14:36:57","date_gmt":"2026-08-31T17:36:57","guid":{"rendered":"https:\/\/acontecenafronteira.com.br\/?p=32584"},"modified":"2026-08-31T14:36:57","modified_gmt":"2026-08-31T17:36:57","slug":"ricardo-cappelli-foca-em-maes-atipicas-e-saude-em-sabatina","status":"publish","type":"post","link":"https:\/\/acontecenafronteira.com.br\/index.php\/2026\/08\/31\/ricardo-cappelli-foca-em-maes-atipicas-e-saude-em-sabatina\/","title":{"rendered":"Ricardo Cappelli foca em m\u00e3es at\u00edpicas e sa\u00fade em sabatina"},"content":{"rendered":"<p>Durante sabatina realizada nesta segunda-feira (31\/8), o candidato ao Governo do Distrito Federal Ricardo Cappelli (PSB) detalhou propostas voltadas para o apoio a m\u00e3es at\u00edpicas e solo, al\u00e9m de prometer mudan\u00e7as estruturais na sa\u00fade p\u00fablica da capital federal.<\/p>\n<h2>Apoio \u00e0 educa\u00e7\u00e3o especial e m\u00e3es solo<\/h2>\n<p>O postulante ao Executivo local destacou que o aumento no n\u00famero de m\u00e3es de crian\u00e7as com defici\u00eancia exige uma resposta imediata do Estado, garantindo suporte adequado tanto para as fam\u00edlias quanto para a rede de ensino.<\/p>\n<p>Em seu plano de governo, Cappelli assegurou que pretende realizar um concurso p\u00fablico espec\u00edfico para a contrata\u00e7\u00e3o de monitores voltados ao aux\u00edlio de professores na educa\u00e7\u00e3o especial, suprindo uma demanda hist\u00f3rica das escolas p\u00fablicas do DF.<\/p>\n<p>Al\u00e9m disso, o candidato ressaltou a inten\u00e7\u00e3o de reestruturar a jornada escolar, implementando o formato integral em ao menos 35% das institui\u00e7\u00f5es de ensino para auxiliar mulheres que precisam trabalhar fora e n\u00e3o possuem rede de apoio.<\/p>\n<h2>Combate ao feminic\u00eddio e seguran\u00e7a p\u00fablica<\/h2>\n<h2>Fila zero na sa\u00fade p\u00fablica<\/h2>\n<p>Cr\u00edtico da atual gest\u00e3o da sa\u00fade no Distrito Federal, o candidato apontou que o volume de pessoas aguardando por atendimento \u00e9 alarmante e prop\u00f4s a cria\u00e7\u00e3o do programa Fila Zero para zerar os atrasos em exames, consultas e cirurgias.<\/p>\n<p>Para solucionar o d\u00e9ficit na rede, a estrat\u00e9gia prev\u00ea a constru\u00e7\u00e3o de dez novas policl\u00ednicas e a contrata\u00e7\u00e3o de cinco mil profissionais de medicina, utilizando recursos do Fundo Constitucional voltados para o setor.<\/p>\n<p>No campo da seguran\u00e7a p\u00fablica, a proposta batizada de Toler\u00e2ncia Zero prev\u00ea o fortalecimento do efetivo da Pol\u00edcia Militar, o retorno do tradicional patrulhamento comunit\u00e1rio nas quadras residenciais e o investimento em intelig\u00eancia cibern\u00e9tica contra crimes virtuais.<\/p>\n<p>Por Reda\u00e7\u00e3o Acontece<\/p>\n<p>Cr\u00e9ditos da imagem: Divulga\u00e7\u00e3o\/Campanha<\/p>\n","protected":false},"excerpt":{"rendered":"<p>Durante sabatina realizada nesta segunda-feira (31\/8), o candidato ao Governo do Distrito Federal Ricardo Cappelli (PSB) detalhou propostas voltadas para o apoio a m\u00e3es at\u00edpicas e solo, al\u00e9m de prometer mudan\u00e7as estruturais na sa\u00fade p\u00fablica da capital federal. Apoio \u00e0 educa\u00e7\u00e3o especial e m\u00e3es solo O postulante ao Executivo local destacou que o aumento no [&hellip;]<\/p>\n","protected":false},"author":0,"featured_media":32589,"comment_status":"open","ping_status":"open","sticky":false,"template":"","format":"standard","meta":{"footnotes":""},"categories":[6],"tags":[],"class_list":["post-32584","post","type-post","status-publish","format-standard","has-post-thumbnail","hentry","category-mercosul"],"_links":{"self":[{"href":"https:\/\/acontecenafronteira.com.br\/index.php\/wp-json\/wp\/v2\/posts\/32584","targetHints":{"allow":["GET"]}}],"collection":[{"href":"https:\/\/acontecenafronteira.com.br\/index.php\/wp-json\/wp\/v2\/posts"}],"about":[{"href":"https:\/\/acontecenafronteira.com.br\/index.php\/wp-json\/wp\/v2\/types\/post"}],"replies":[{"embeddable":true,"href":"https:\/\/acontecenafronteira.com.br\/index.php\/wp-json\/wp\/v2\/comments?post=32584"}],"version-history":[{"count":1,"href":"https:\/\/acontecenafronteira.com.br\/index.php\/wp-json\/wp\/v2\/posts\/32584\/revisions"}],"predecessor-version":[{"id":32588,"href":"https:\/\/acontecenafronteira.com.br\/index.php\/wp-json\/wp\/v2\/posts\/32584\/revisions\/32588"}],"wp:featuredmedia":[{"embeddable":true,"href":"https:\/\/acontecenafronteira.com.br\/index.php\/wp-json\/wp\/v2\/media\/32589"}],"wp:attachment":[{"href":"https:\/\/acontecenafronteira.com.br\/index.php\/wp-json\/wp\/v2\/media?parent=32584"}],"wp:term":[{"taxonomy":"category","embeddable":true,"href":"https:\/\/acontecenafronteira.com.br\/index.php\/wp-json\/wp\/v2\/categories?post=32584"},{"taxonomy":"post_tag","embeddable":true,"href":"https:\/\/acontecenafronteira.com.br\/index.php\/wp-json\/wp\/v2\/tags?post=32584"}],"curies":[{"name":"wp","href":"https:\/\/api.w.org\/{rel}","templated":true}]}}