{"id":32574,"date":"2026-08-31T14:36:46","date_gmt":"2026-08-31T17:36:46","guid":{"rendered":"https:\/\/acontecenafronteira.com.br\/?p=32574"},"modified":"2026-08-31T14:36:46","modified_gmt":"2026-08-31T17:36:46","slug":"alpinista-fica-preso-em-precipicio-por-mais-de-9-horas-na-california","status":"publish","type":"post","link":"https:\/\/acontecenafronteira.com.br\/index.php\/2026\/08\/31\/alpinista-fica-preso-em-precipicio-por-mais-de-9-horas-na-california\/","title":{"rendered":"Alpinista fica preso em precip\u00edcio por mais de 9 horas na Calif\u00f3rnia"},"content":{"rendered":"<p>Um alpinista de 51 anos viveu momentos de terror ao passar mais de nove horas preso em uma fenda estreita a 3,2 mil metros de altitude na Cordilheira Sierra Nevada, nos Estados Unidos.<\/p>\n<h2>O in\u00edcio da tens\u00e3o na montanha<\/h2>\n<p>Rob Martin havia viajado de Oakland com um amigo para acampar na Floresta Nacional de Inyo. No dia 22 de agosto, a dupla iniciou a subida do Laurel Mountain, um pico com mais de 3,6 mil metros de altitude.<\/p>\n<p>Ao tentar desviar de uma \u00e1rea perigosa com pedras soltas durante a ascens\u00e3o, Martin optou por seguir pela lateral da rocha e acabou encurralado em uma parede vertical sem pontos de apoio seguros.<\/p>\n<h2>Desespero e ventos fortes<\/h2>\n<p>Sem conseguir avan\u00e7ar ou retornar pelo caminho original, o atleta encontrou apenas uma sali\u00eancia de 15 por 30 cent\u00edmetros para apoiar as botas, al\u00e9m de uma corda amarrada a uma rocha inst\u00e1vel.<\/p>\n<p>Com o vento uivando e rajadas que alcan\u00e7avam 80 km\/h, o som de sua voz foi completamente abafado, impedindo a comunica\u00e7\u00e3o com o colega de escalada. Diante do perigo iminente, ele acionou o servi\u00e7o de emerg\u00eancia por meio de um aparelho via sat\u00e9lite por volta das 13h20.<\/p>\n<h2>A opera\u00e7\u00e3o de busca e o resgate<\/h2>\n<p>A equipe de volunt\u00e1rios do condado de Mono mobilizou uma opera\u00e7\u00e3o complexa. Um helic\u00f3ptero chegou a sobrevoar a \u00e1rea, mas a intensidade do vento impediu a aproxima\u00e7\u00e3o. As coordenadas enviadas pelo sat\u00e9lite tamb\u00e9m dificultaram a localiza\u00e7\u00e3o exata do alpinista.<\/p>\n<p>Conforme a noite se aproximava e o temor de congelar na montanha aumentava, o som de vozes finalmente cortou o vento. Os socorristas conseguiram avistar o montanhista e tra\u00e7aram uma rota de acesso com cordas e grampos.<\/p>\n<p>Resgatado ileso ap\u00f3s o anoitecer, o sobrevivente celebrou o trabalho dos volunt\u00e1rios e descreveu o al\u00edvio ap\u00f3s horas de puro p\u00e2nico na encosta rochosa.<\/p>\n<p>Por Reda\u00e7\u00e3o Acontece<\/p>\n<p>Cr\u00e9ditos da imagem: Divulga\u00e7\u00e3o\/Busca e Resgate<\/p>\n","protected":false},"excerpt":{"rendered":"<p>Um alpinista de 51 anos viveu momentos de terror ao passar mais de nove horas preso em uma fenda estreita a 3,2 mil metros de altitude na Cordilheira Sierra Nevada, nos Estados Unidos. O in\u00edcio da tens\u00e3o na montanha Rob Martin havia viajado de Oakland com um amigo para acampar na Floresta Nacional de Inyo. [&hellip;]<\/p>\n","protected":false},"author":0,"featured_media":32581,"comment_status":"open","ping_status":"open","sticky":false,"template":"","format":"standard","meta":{"footnotes":""},"categories":[28],"tags":[],"class_list":["post-32574","post","type-post","status-publish","format-standard","has-post-thumbnail","hentry","category-mundo"],"_links":{"self":[{"href":"https:\/\/acontecenafronteira.com.br\/index.php\/wp-json\/wp\/v2\/posts\/32574","targetHints":{"allow":["GET"]}}],"collection":[{"href":"https:\/\/acontecenafronteira.com.br\/index.php\/wp-json\/wp\/v2\/posts"}],"about":[{"href":"https:\/\/acontecenafronteira.com.br\/index.php\/wp-json\/wp\/v2\/types\/post"}],"replies":[{"embeddable":true,"href":"https:\/\/acontecenafronteira.com.br\/index.php\/wp-json\/wp\/v2\/comments?post=32574"}],"version-history":[{"count":1,"href":"https:\/\/acontecenafronteira.com.br\/index.php\/wp-json\/wp\/v2\/posts\/32574\/revisions"}],"predecessor-version":[{"id":32580,"href":"https:\/\/acontecenafronteira.com.br\/index.php\/wp-json\/wp\/v2\/posts\/32574\/revisions\/32580"}],"wp:featuredmedia":[{"embeddable":true,"href":"https:\/\/acontecenafronteira.com.br\/index.php\/wp-json\/wp\/v2\/media\/32581"}],"wp:attachment":[{"href":"https:\/\/acontecenafronteira.com.br\/index.php\/wp-json\/wp\/v2\/media?parent=32574"}],"wp:term":[{"taxonomy":"category","embeddable":true,"href":"https:\/\/acontecenafronteira.com.br\/index.php\/wp-json\/wp\/v2\/categories?post=32574"},{"taxonomy":"post_tag","embeddable":true,"href":"https:\/\/acontecenafronteira.com.br\/index.php\/wp-json\/wp\/v2\/tags?post=32574"}],"curies":[{"name":"wp","href":"https:\/\/api.w.org\/{rel}","templated":true}]}}