{"id":32573,"date":"2026-08-31T14:36:39","date_gmt":"2026-08-31T17:36:39","guid":{"rendered":"https:\/\/acontecenafronteira.com.br\/?p=32573"},"modified":"2026-08-31T14:36:39","modified_gmt":"2026-08-31T17:36:39","slug":"energia-solar-vira-escudo-contra-alta-na-conta-de-luz-no-brasil","status":"publish","type":"post","link":"https:\/\/acontecenafronteira.com.br\/index.php\/2026\/08\/31\/energia-solar-vira-escudo-contra-alta-na-conta-de-luz-no-brasil\/","title":{"rendered":"Energia solar vira escudo contra alta na conta de luz no Brasil"},"content":{"rendered":"<p>A Ag\u00eancia Nacional de Energia El\u00e9trica decidiu manter a bandeira amarela em setembro, marcando o quinto m\u00eas seguido com cobran\u00e7a extra nas faturas. O cen\u00e1rio de seca compromete os reservat\u00f3rios das hidrel\u00e9tricas, for\u00e7ando a ativa\u00e7\u00e3o de usinas termel\u00e9tricas, que geram eletricidade a um custo mais elevado. Por causa disso, os consumidores enfrentam um acr\u00e9scimo de R$ 1,885 na tarifa a cada 100 kWh consumidos.<\/p>\n<h2>O impacto das bandeiras tarif\u00e1rias no bolso<\/h2>\n<p>Implementado em 2015 para sinalizar o custo real da gera\u00e7\u00e3o de energia no pa\u00eds, o sistema de bandeiras \u00e9 dividido em verde, amarela e vermelha nos patamares 1 e 2. Diante de reajustes que frequentemente ultrapassam a infla\u00e7\u00e3o oficial, depender exclusivamente da rede convencional deixa resid\u00eancias e empresas vulner\u00e1veis \u00e0s oscila\u00e7\u00f5es econ\u00f4micas.<\/p>\n<p>Nesse contexto desafiador, a ado\u00e7\u00e3o de sistemas fotovoltaicos deixou de ser apenas uma escolha voltada para a sustentabilidade ecol\u00f3gica. Especialistas apontam a tecnologia como uma ferramenta crucial de seguran\u00e7a patrimonial, efici\u00eancia de custos e previsibilidade financeira para o consumidor.<\/p>\n<h2>Autonomia e prote\u00e7\u00e3o financeira com energia solar<\/h2>\n<p>Gerar a pr\u00f3pria eletricidade por meio de pain\u00e9is solares converte uma despesa obrigat\u00f3ria e vol\u00e1til em um investimento com retorno atrativo. A transi\u00e7\u00e3o energ\u00e9tica permite que o consumidor deixe de ser apenas um pagador de tarifas para assumir o controle ativo do seu pr\u00f3prio suprimento energ\u00e9tico, blindando o or\u00e7amento dom\u00e9stico contra surpresas mensais.<\/p>\n<p>Para o setor corporativo, industrial e o agroneg\u00f3cio, a autoprodu\u00e7\u00e3o de energia reduz despesas operacionais recorrentes, amplia as margens de lucro e eleva a competitividade no mercado. A estabilidade nos custos fixos garante resili\u00eancia em momentos de incerteza econ\u00f4mica e oscila\u00e7\u00e3o regulat\u00f3ria.<\/p>\n<p>Por Reda\u00e7\u00e3o Acontece<\/p>\n<p>Imagem: Divulga\u00e7\u00e3o \/ Pixabay<\/p>\n","protected":false},"excerpt":{"rendered":"<p>A Ag\u00eancia Nacional de Energia El\u00e9trica decidiu manter a bandeira amarela em setembro, marcando o quinto m\u00eas seguido com cobran\u00e7a extra nas faturas. O cen\u00e1rio de seca compromete os reservat\u00f3rios das hidrel\u00e9tricas, for\u00e7ando a ativa\u00e7\u00e3o de usinas termel\u00e9tricas, que geram eletricidade a um custo mais elevado. Por causa disso, os consumidores enfrentam um acr\u00e9scimo de [&hellip;]<\/p>\n","protected":false},"author":0,"featured_media":32579,"comment_status":"open","ping_status":"open","sticky":false,"template":"","format":"standard","meta":{"footnotes":""},"categories":[28],"tags":[],"class_list":["post-32573","post","type-post","status-publish","format-standard","has-post-thumbnail","hentry","category-mundo"],"_links":{"self":[{"href":"https:\/\/acontecenafronteira.com.br\/index.php\/wp-json\/wp\/v2\/posts\/32573","targetHints":{"allow":["GET"]}}],"collection":[{"href":"https:\/\/acontecenafronteira.com.br\/index.php\/wp-json\/wp\/v2\/posts"}],"about":[{"href":"https:\/\/acontecenafronteira.com.br\/index.php\/wp-json\/wp\/v2\/types\/post"}],"replies":[{"embeddable":true,"href":"https:\/\/acontecenafronteira.com.br\/index.php\/wp-json\/wp\/v2\/comments?post=32573"}],"version-history":[{"count":1,"href":"https:\/\/acontecenafronteira.com.br\/index.php\/wp-json\/wp\/v2\/posts\/32573\/revisions"}],"predecessor-version":[{"id":32578,"href":"https:\/\/acontecenafronteira.com.br\/index.php\/wp-json\/wp\/v2\/posts\/32573\/revisions\/32578"}],"wp:featuredmedia":[{"embeddable":true,"href":"https:\/\/acontecenafronteira.com.br\/index.php\/wp-json\/wp\/v2\/media\/32579"}],"wp:attachment":[{"href":"https:\/\/acontecenafronteira.com.br\/index.php\/wp-json\/wp\/v2\/media?parent=32573"}],"wp:term":[{"taxonomy":"category","embeddable":true,"href":"https:\/\/acontecenafronteira.com.br\/index.php\/wp-json\/wp\/v2\/categories?post=32573"},{"taxonomy":"post_tag","embeddable":true,"href":"https:\/\/acontecenafronteira.com.br\/index.php\/wp-json\/wp\/v2\/tags?post=32573"}],"curies":[{"name":"wp","href":"https:\/\/api.w.org\/{rel}","templated":true}]}}