{"id":32567,"date":"2026-08-31T14:36:21","date_gmt":"2026-08-31T17:36:21","guid":{"rendered":"https:\/\/acontecenafronteira.com.br\/?p=32567"},"modified":"2026-08-31T14:36:21","modified_gmt":"2026-08-31T17:36:21","slug":"aeroporto-de-cascavel-segue-fechado-apos-incidente-com-latam","status":"publish","type":"post","link":"https:\/\/acontecenafronteira.com.br\/index.php\/2026\/08\/31\/aeroporto-de-cascavel-segue-fechado-apos-incidente-com-latam\/","title":{"rendered":"Aeroporto de Cascavel segue fechado ap\u00f3s incidente com Latam"},"content":{"rendered":"<p>O <strong>Aeroporto Regional de Cascavel<\/strong> permanece com as opera\u00e7\u00f5es suspensas nesta segunda-feira (31). A interdi\u00e7\u00e3o ocorre em decorr\u00eancia de um incidente envolvendo uma aeronave da <strong>Latam<\/strong>, que acabou saindo da pista no momento do pouso na unidade aeroportu\u00e1ria paranaense.<\/p>\n<h2>Detalhes do voo e da aeronave<\/h2>\n<p>O modelo envolvido na ocorr\u00eancia \u00e9 um <strong>Airbus A320<\/strong>, que havia decolado anteriormente de Guarulhos. A manobra mal-sucedida durante a aterrissagem comprometeu a seguran\u00e7a da pista, exigindo a paralisa\u00e7\u00e3o imediata de todos os embarques e desembarques previstos para o dia.<\/p>\n<h2>Impacto nas opera\u00e7\u00f5es locais<\/h2>\n<p>Com o terminal fechado por tempo indeterminado, dezenas de passageiros enfrentam <strong>cancelamentos e atrasos<\/strong> em suas viagens. As equipes t\u00e9cnicas trabalham no local para avaliar os danos estruturais e retirar a aeronave com seguran\u00e7a, permitindo a retomada gradual dos voos comerciais assim que poss\u00edvel.<\/p>\n<p>A administra\u00e7\u00e3o do aeroporto recomenda que os viajantes entrem em contato com suas respectivas <strong>companhias a\u00e9reas<\/strong> para verificar o status dos voos e reprogramar bilhetes afetados pela interdi\u00e7\u00e3o inesperada no oeste do estado.<\/p>\n<p>Por Reda\u00e7\u00e3o Acontece<\/p>\n<p>Cr\u00e9ditos da imagem: Divulga\u00e7\u00e3o\/Latam<\/p>\n","protected":false},"excerpt":{"rendered":"<p>O Aeroporto Regional de Cascavel permanece com as opera\u00e7\u00f5es suspensas nesta segunda-feira (31). A interdi\u00e7\u00e3o ocorre em decorr\u00eancia de um incidente envolvendo uma aeronave da Latam, que acabou saindo da pista no momento do pouso na unidade aeroportu\u00e1ria paranaense. Detalhes do voo e da aeronave O modelo envolvido na ocorr\u00eancia \u00e9 um Airbus A320, que [&hellip;]<\/p>\n","protected":false},"author":0,"featured_media":32571,"comment_status":"open","ping_status":"open","sticky":false,"template":"","format":"standard","meta":{"footnotes":""},"categories":[18],"tags":[],"class_list":["post-32567","post","type-post","status-publish","format-standard","has-post-thumbnail","hentry","category-parana"],"_links":{"self":[{"href":"https:\/\/acontecenafronteira.com.br\/index.php\/wp-json\/wp\/v2\/posts\/32567","targetHints":{"allow":["GET"]}}],"collection":[{"href":"https:\/\/acontecenafronteira.com.br\/index.php\/wp-json\/wp\/v2\/posts"}],"about":[{"href":"https:\/\/acontecenafronteira.com.br\/index.php\/wp-json\/wp\/v2\/types\/post"}],"replies":[{"embeddable":true,"href":"https:\/\/acontecenafronteira.com.br\/index.php\/wp-json\/wp\/v2\/comments?post=32567"}],"version-history":[{"count":1,"href":"https:\/\/acontecenafronteira.com.br\/index.php\/wp-json\/wp\/v2\/posts\/32567\/revisions"}],"predecessor-version":[{"id":32570,"href":"https:\/\/acontecenafronteira.com.br\/index.php\/wp-json\/wp\/v2\/posts\/32567\/revisions\/32570"}],"wp:featuredmedia":[{"embeddable":true,"href":"https:\/\/acontecenafronteira.com.br\/index.php\/wp-json\/wp\/v2\/media\/32571"}],"wp:attachment":[{"href":"https:\/\/acontecenafronteira.com.br\/index.php\/wp-json\/wp\/v2\/media?parent=32567"}],"wp:term":[{"taxonomy":"category","embeddable":true,"href":"https:\/\/acontecenafronteira.com.br\/index.php\/wp-json\/wp\/v2\/categories?post=32567"},{"taxonomy":"post_tag","embeddable":true,"href":"https:\/\/acontecenafronteira.com.br\/index.php\/wp-json\/wp\/v2\/tags?post=32567"}],"curies":[{"name":"wp","href":"https:\/\/api.w.org\/{rel}","templated":true}]}}