{"id":32566,"date":"2026-08-31T14:36:18","date_gmt":"2026-08-31T17:36:18","guid":{"rendered":"https:\/\/acontecenafronteira.com.br\/?p=32566"},"modified":"2026-08-31T14:36:18","modified_gmt":"2026-08-31T17:36:18","slug":"morre-carlos-monforte-pioneiro-do-jornalismo-aos-77-anos","status":"publish","type":"post","link":"https:\/\/acontecenafronteira.com.br\/index.php\/2026\/08\/31\/morre-carlos-monforte-pioneiro-do-jornalismo-aos-77-anos\/","title":{"rendered":"Morre Carlos Monforte, pioneiro do jornalismo, aos 77 anos"},"content":{"rendered":"<p>O mercado jornal\u00edstico brasileiro perdeu nesta segunda-feira (31) um de seus nomes mais importantes. Carlos Monforte faleceu aos 77 anos, na cidade de Bras\u00edlia, deixando um legado inestim\u00e1vel para a hist\u00f3ria da imprensa nacional e do telejornalismo.<\/p>\n<h2>Trajet\u00f3ria no telejornalismo nacional<\/h2>\n<p>A not\u00edcia do falecimento foi tornada p\u00fablica pela GloboNews e posteriormente confirmada por pessoas pr\u00f3ximas \u00e0 fam\u00edlia. Reconhecido como um verdadeiro pioneiro na profiss\u00e3o, o comunicador marcou \u00e9poca ao cobrir os principais fatos pol\u00edticos do pa\u00eds ao longo de d\u00e9cadas.<\/p>\n<h2>Legado na cobertura pol\u00edtica<\/h2>\n<p>Sua carreira foi sin\u00f4nimo de rigor t\u00e9cnico, credibilidade e paix\u00e3o pela apura\u00e7\u00e3o dos fatos. O profissional esteve na linha de frente dos grandes acontecimentos que moldaram o Brasil moderno, tornando-se refer\u00eancia para gera\u00e7\u00f5es de rep\u00f3rteres.<\/p>\n<p>Com passagens marcantes pelos principais ve\u00edculos de comunica\u00e7\u00e3o do pa\u00eds, ele ajudou a construir os moldes do jornalismo ao vivo e da cobertura dos bastidores do poder na capital federal.<\/p>\n<p>O impacto de sua partida repercutiu rapidamente entre colegas de profiss\u00e3o, autoridades e admiradores, que lamentaram a perda e destacaram sua import\u00e2ncia hist\u00f3rica para a televis\u00e3o brasileira.<\/p>\n<p>Por Reda\u00e7\u00e3o Acontece<\/p>\n<p>Cr\u00e9ditos da imagem: Reprodu\u00e7\u00e3o \/ GloboNews<\/p>\n","protected":false},"excerpt":{"rendered":"<p>O mercado jornal\u00edstico brasileiro perdeu nesta segunda-feira (31) um de seus nomes mais importantes. Carlos Monforte faleceu aos 77 anos, na cidade de Bras\u00edlia, deixando um legado inestim\u00e1vel para a hist\u00f3ria da imprensa nacional e do telejornalismo. Trajet\u00f3ria no telejornalismo nacional A not\u00edcia do falecimento foi tornada p\u00fablica pela GloboNews e posteriormente confirmada por pessoas [&hellip;]<\/p>\n","protected":false},"author":0,"featured_media":32569,"comment_status":"open","ping_status":"open","sticky":false,"template":"","format":"standard","meta":{"footnotes":""},"categories":[18],"tags":[],"class_list":["post-32566","post","type-post","status-publish","format-standard","has-post-thumbnail","hentry","category-parana"],"_links":{"self":[{"href":"https:\/\/acontecenafronteira.com.br\/index.php\/wp-json\/wp\/v2\/posts\/32566","targetHints":{"allow":["GET"]}}],"collection":[{"href":"https:\/\/acontecenafronteira.com.br\/index.php\/wp-json\/wp\/v2\/posts"}],"about":[{"href":"https:\/\/acontecenafronteira.com.br\/index.php\/wp-json\/wp\/v2\/types\/post"}],"replies":[{"embeddable":true,"href":"https:\/\/acontecenafronteira.com.br\/index.php\/wp-json\/wp\/v2\/comments?post=32566"}],"version-history":[{"count":1,"href":"https:\/\/acontecenafronteira.com.br\/index.php\/wp-json\/wp\/v2\/posts\/32566\/revisions"}],"predecessor-version":[{"id":32568,"href":"https:\/\/acontecenafronteira.com.br\/index.php\/wp-json\/wp\/v2\/posts\/32566\/revisions\/32568"}],"wp:featuredmedia":[{"embeddable":true,"href":"https:\/\/acontecenafronteira.com.br\/index.php\/wp-json\/wp\/v2\/media\/32569"}],"wp:attachment":[{"href":"https:\/\/acontecenafronteira.com.br\/index.php\/wp-json\/wp\/v2\/media?parent=32566"}],"wp:term":[{"taxonomy":"category","embeddable":true,"href":"https:\/\/acontecenafronteira.com.br\/index.php\/wp-json\/wp\/v2\/categories?post=32566"},{"taxonomy":"post_tag","embeddable":true,"href":"https:\/\/acontecenafronteira.com.br\/index.php\/wp-json\/wp\/v2\/tags?post=32566"}],"curies":[{"name":"wp","href":"https:\/\/api.w.org\/{rel}","templated":true}]}}