{"id":32561,"date":"2026-08-31T14:36:11","date_gmt":"2026-08-31T17:36:11","guid":{"rendered":"https:\/\/acontecenafronteira.com.br\/?p=32561"},"modified":"2026-08-31T14:36:11","modified_gmt":"2026-08-31T17:36:11","slug":"temporal-em-curitiba-dia-vira-noite-e-assusta-moradores","status":"publish","type":"post","link":"https:\/\/acontecenafronteira.com.br\/index.php\/2026\/08\/31\/temporal-em-curitiba-dia-vira-noite-e-assusta-moradores\/","title":{"rendered":"Temporal em Curitiba: dia vira noite e assusta moradores"},"content":{"rendered":"<p>Moradores de Curitiba e da Regi\u00e3o Metropolitana foram surpreendidos no in\u00edcio da tarde desta segunda-feira (31) por uma mudan\u00e7a dr\u00e1stica no tempo, quando uma forte tempestade fez o dia virar noite e provocou momentos de tens\u00e3o na capital paranaense.<\/p>\n<h2>Alerta vermelho e ventos fortes na regi\u00e3o<\/h2>\n<p>A Defesa Civil do Paran\u00e1 emitiu um aviso severo por volta das 13h30, enviando alertas diretamente para os celulares da popula\u00e7\u00e3o com instru\u00e7\u00f5es para buscar abrigo imediato diante do risco considerado muito alto de granizo e rajadas intensas de vento.<\/p>\n<h2>C\u00e9u escuro e impactos nos bairros<\/h2>\n<p>Devido \u00e0 intensa escurid\u00e3o que tomou conta das ruas, a ilumina\u00e7\u00e3o p\u00fablica dos postes precisou ser acionada no centro e em v\u00e1rios outros bairros da cidade logo no in\u00edcio da tarde, enquanto registros preliminares j\u00e1 apontavam preju\u00edzos como destelhamentos, falhas na rede de sem\u00e1foros e placas arrancadas pela for\u00e7a do vento.<\/p>\n<h2>Cidades afetadas pelo temporal<\/h2>\n<p>O aviso oficial abrangeu n\u00e3o apenas a capital, mas tamb\u00e9m munic\u00edpios vizinhos importantes como S\u00e3o Jos\u00e9 dos Pinhais e Colombo, com registros em v\u00eddeo compartilhados por moradores evidenciando a intensidade da chuva e a r\u00e1pida altera\u00e7\u00e3o na paisagem urbana.<\/p>\n<p>As autoridades continuam monitorando a situa\u00e7\u00e3o e refor\u00e7am a recomenda\u00e7\u00e3o para que a popula\u00e7\u00e3o evite \u00e1reas abertas e permane\u00e7a em locais seguros enquanto o sistema meteorol\u00f3gico severo atua sobre o estado.<\/p>\n<p>Por Reda\u00e7\u00e3o Acontece<\/p>\n<p>Imagem: Reprodu\u00e7\u00e3o \/ Redes Sociais<\/p>\n","protected":false},"excerpt":{"rendered":"<p>Moradores de Curitiba e da Regi\u00e3o Metropolitana foram surpreendidos no in\u00edcio da tarde desta segunda-feira (31) por uma mudan\u00e7a dr\u00e1stica no tempo, quando uma forte tempestade fez o dia virar noite e provocou momentos de tens\u00e3o na capital paranaense. Alerta vermelho e ventos fortes na regi\u00e3o A Defesa Civil do Paran\u00e1 emitiu um aviso severo [&hellip;]<\/p>\n","protected":false},"author":0,"featured_media":32564,"comment_status":"open","ping_status":"open","sticky":false,"template":"","format":"standard","meta":{"footnotes":""},"categories":[18],"tags":[],"class_list":["post-32561","post","type-post","status-publish","format-standard","has-post-thumbnail","hentry","category-parana"],"_links":{"self":[{"href":"https:\/\/acontecenafronteira.com.br\/index.php\/wp-json\/wp\/v2\/posts\/32561","targetHints":{"allow":["GET"]}}],"collection":[{"href":"https:\/\/acontecenafronteira.com.br\/index.php\/wp-json\/wp\/v2\/posts"}],"about":[{"href":"https:\/\/acontecenafronteira.com.br\/index.php\/wp-json\/wp\/v2\/types\/post"}],"replies":[{"embeddable":true,"href":"https:\/\/acontecenafronteira.com.br\/index.php\/wp-json\/wp\/v2\/comments?post=32561"}],"version-history":[{"count":1,"href":"https:\/\/acontecenafronteira.com.br\/index.php\/wp-json\/wp\/v2\/posts\/32561\/revisions"}],"predecessor-version":[{"id":32563,"href":"https:\/\/acontecenafronteira.com.br\/index.php\/wp-json\/wp\/v2\/posts\/32561\/revisions\/32563"}],"wp:featuredmedia":[{"embeddable":true,"href":"https:\/\/acontecenafronteira.com.br\/index.php\/wp-json\/wp\/v2\/media\/32564"}],"wp:attachment":[{"href":"https:\/\/acontecenafronteira.com.br\/index.php\/wp-json\/wp\/v2\/media?parent=32561"}],"wp:term":[{"taxonomy":"category","embeddable":true,"href":"https:\/\/acontecenafronteira.com.br\/index.php\/wp-json\/wp\/v2\/categories?post=32561"},{"taxonomy":"post_tag","embeddable":true,"href":"https:\/\/acontecenafronteira.com.br\/index.php\/wp-json\/wp\/v2\/tags?post=32561"}],"curies":[{"name":"wp","href":"https:\/\/api.w.org\/{rel}","templated":true}]}}