{"id":3256,"date":"2021-12-02T10:29:09","date_gmt":"2021-12-02T13:29:09","guid":{"rendered":"https:\/\/acontecenafronteira.com.br\/?p=3256"},"modified":"2021-12-02T10:29:10","modified_gmt":"2021-12-02T13:29:10","slug":"plantio-de-arvores-homenageia-professores-e-membros-da-comunidade-vitimas-da-covid-19","status":"publish","type":"post","link":"https:\/\/acontecenafronteira.com.br\/index.php\/2021\/12\/02\/plantio-de-arvores-homenageia-professores-e-membros-da-comunidade-vitimas-da-covid-19\/","title":{"rendered":"Plantio de \u00e1rvores homenageia professores e membros da comunidade v\u00edtimas da covid-19"},"content":{"rendered":"\n<p>Homenagens organizadas pela Secretaria de Meio Ambiente e Educa\u00e7\u00e3o foram feitas em nove escolas da rede municipal<\/p>\n\n\n\n<p>Dos 25 anos que a professora Marta L\u00facia Ferlin dedicou \u00e0 doc\u00eancia, 20 deles foram dentro das salas de aula da Escola Municipal Tr\u00eas Bandeiras. Em maio, ela foi uma das v\u00edtimas da Covid-19 no munic\u00edpio. Para homenage\u00e1-la, o espa\u00e7o que tanto amou ter\u00e1 agora uma lembran\u00e7a eterna da querida professora \u2013 uma \u00e1rvore plantada no jardim da escola.<br><br>O plantio feito nesta quarta-feira (1\u00ba) foi organizado pelas secretarias de Meio Ambiente e Educa\u00e7\u00e3o, e contou com a presen\u00e7a de familiares da professora, que se emocionaram com as palavras de colegas e alunos que a conheceram.<br><br>\u201cVer o quanto todas essas pessoas amavam a nossa m\u00e3e nos deixa com um sentimento muito bonito, por saber que ela conseguiu ser essa pessoa especial com todos. O carinho e amor que todos possu\u00edam \u00e9 o que far\u00e1 ela estar conosco para sempre\u201d, contou a filha, J\u00falia Eduarda.<br><br>A homenagem aos professores e membros importantes para a comunidade escolar foi realizada tamb\u00e9m em outras nove escolas e Centros Municipais de Educa\u00e7\u00e3o Infantil (CMEIs) ao longo dos \u00faltimos meses.<br><br>O plantio \u00e9 feito com esp\u00e9cies nativas da regi\u00e3o e integra o projeto que homenageia v\u00edtimas da Covid-19 na cidade, iniciado em mar\u00e7o no Parque Monjolo.<br><br>Para a diretora de Gest\u00e3o de Res\u00edduos e Educa\u00e7\u00e3o Ambiental, Let\u00edcia Moura, a inten\u00e7\u00e3o do projeto \u00e9 manter viva a lembran\u00e7a daqueles que se foram, com uma \u00e1rvore que poder\u00e1 ser regada, cuidada e protegida.<br><br>\u201cEu perdi a minha v\u00f3, que foi v\u00edtima da doen\u00e7a, e tamb\u00e9m ganhou uma \u00e1rvore. Uma atitude como essa acalenta o cora\u00e7\u00e3o, pois \u00e9 como se um pedacinho dessa pessoa que amamos continuasse perto de n\u00f3s. O projeto foi abra\u00e7ado com muito carinho e muitas hist\u00f3rias de pessoas queridas foram vistas\u201d, relatou.<br><br><strong>Homenagens para membros da comunidade<\/strong><br><br>Alunos e funcion\u00e1rios da Escola Municipal Arnaldo Isidoro de Lima tamb\u00e9m se reuniram para prestar homenagens para quatro importantes figuras do bairro Vila C, como o pastor Elias de Oliveira, respons\u00e1vel por diversos projetos dentro da comunidade, e Jos\u00e9 Menezes, pai de duas professoras que trabalham h\u00e1 mais de 30 anos na escola.<br><br>\u201cTodos eles eram muito queridos entre n\u00f3s e nada mais justo do homenagear essas pessoas que amamos. A saudade \u00e9 grande ao relembrar, mas tamb\u00e9m mostra como eram importantes\u201d, disse a diretora da escola, Juliane Ugner.<br><br>Ela comenta que a a\u00e7\u00e3o mostrou a import\u00e2ncia de se valorizar a vida, principalmente ap\u00f3s um per\u00edodo dif\u00edcil, proporcionado pelo v\u00edrus.<br><br>\u201cAqui na escola foram 11 professores contaminados com a doen\u00e7a e, infelizmente, uma de nossas colegas faleceu. Voltar a receber os alunos e ouvir risadas e alegria pelos corredores mostra como conseguimos vencer essa batalha. Ainda precisamos manter os cuidados, mas logo venceremos essa guerra\u201d, frisou.<\/p>\n\n\n\n<figure class=\"wp-block-gallery columns-3 is-cropped wp-block-gallery-1 is-layout-flex wp-block-gallery-is-layout-flex\"><ul class=\"blocks-gallery-grid\"><li class=\"blocks-gallery-item\"><figure><a href=\"https:\/\/acontecenafronteira.com.br\/wp-content\/uploads\/2021\/12\/WhatsApp-Image-2021-12-01-at-18.48.36-2.jpeg?v=1638451742\"><img loading=\"lazy\" decoding=\"async\" width=\"799\" height=\"533\" src=\"https:\/\/acontecenafronteira.com.br\/wp-content\/uploads\/2021\/12\/WhatsApp-Image-2021-12-01-at-18.48.36-2.jpeg\" alt=\"\" data-id=\"3258\" data-full-url=\"https:\/\/acontecenafronteira.com.br\/wp-content\/uploads\/2021\/12\/WhatsApp-Image-2021-12-01-at-18.48.36-2.jpeg?v=1638451742\" data-link=\"https:\/\/acontecenafronteira.com.br\/?attachment_id=3258\" class=\"wp-image-3258\" srcset=\"https:\/\/acontecenafronteira.com.br\/wp-content\/uploads\/2021\/12\/WhatsApp-Image-2021-12-01-at-18.48.36-2.jpeg?v=1638451742 799w, https:\/\/acontecenafronteira.com.br\/wp-content\/uploads\/2021\/12\/WhatsApp-Image-2021-12-01-at-18.48.36-2-300x200.jpeg?v=1638451742 300w, https:\/\/acontecenafronteira.com.br\/wp-content\/uploads\/2021\/12\/WhatsApp-Image-2021-12-01-at-18.48.36-2-768x512.jpeg?v=1638451742 768w\" sizes=\"auto, (max-width: 799px) 100vw, 799px\" \/><\/a><\/figure><\/li><li class=\"blocks-gallery-item\"><figure><a href=\"https:\/\/acontecenafronteira.com.br\/wp-content\/uploads\/2021\/12\/WhatsApp-Image-2021-12-01-at-18.48.36-1.jpeg?v=1638451745\"><img loading=\"lazy\" decoding=\"async\" width=\"799\" height=\"533\" src=\"https:\/\/acontecenafronteira.com.br\/wp-content\/uploads\/2021\/12\/WhatsApp-Image-2021-12-01-at-18.48.36-1.jpeg\" alt=\"\" data-id=\"3259\" data-full-url=\"https:\/\/acontecenafronteira.com.br\/wp-content\/uploads\/2021\/12\/WhatsApp-Image-2021-12-01-at-18.48.36-1.jpeg?v=1638451745\" data-link=\"https:\/\/acontecenafronteira.com.br\/?attachment_id=3259\" class=\"wp-image-3259\" srcset=\"https:\/\/acontecenafronteira.com.br\/wp-content\/uploads\/2021\/12\/WhatsApp-Image-2021-12-01-at-18.48.36-1.jpeg?v=1638451745 799w, https:\/\/acontecenafronteira.com.br\/wp-content\/uploads\/2021\/12\/WhatsApp-Image-2021-12-01-at-18.48.36-1-300x200.jpeg?v=1638451745 300w, https:\/\/acontecenafronteira.com.br\/wp-content\/uploads\/2021\/12\/WhatsApp-Image-2021-12-01-at-18.48.36-1-768x512.jpeg?v=1638451745 768w\" sizes=\"auto, (max-width: 799px) 100vw, 799px\" \/><\/a><\/figure><\/li><li class=\"blocks-gallery-item\"><figure><a href=\"https:\/\/acontecenafronteira.com.br\/wp-content\/uploads\/2021\/12\/WhatsApp-Image-2021-12-01-at-18.48.36.jpeg?v=1638451747\"><img loading=\"lazy\" decoding=\"async\" width=\"799\" height=\"533\" src=\"https:\/\/acontecenafronteira.com.br\/wp-content\/uploads\/2021\/12\/WhatsApp-Image-2021-12-01-at-18.48.36.jpeg\" alt=\"\" data-id=\"3261\" data-full-url=\"https:\/\/acontecenafronteira.com.br\/wp-content\/uploads\/2021\/12\/WhatsApp-Image-2021-12-01-at-18.48.36.jpeg?v=1638451747\" data-link=\"https:\/\/acontecenafronteira.com.br\/?attachment_id=3261\" class=\"wp-image-3261\" srcset=\"https:\/\/acontecenafronteira.com.br\/wp-content\/uploads\/2021\/12\/WhatsApp-Image-2021-12-01-at-18.48.36.jpeg?v=1638451747 799w, https:\/\/acontecenafronteira.com.br\/wp-content\/uploads\/2021\/12\/WhatsApp-Image-2021-12-01-at-18.48.36-300x200.jpeg?v=1638451747 300w, https:\/\/acontecenafronteira.com.br\/wp-content\/uploads\/2021\/12\/WhatsApp-Image-2021-12-01-at-18.48.36-768x512.jpeg?v=1638451747 768w\" sizes=\"auto, (max-width: 799px) 100vw, 799px\" \/><\/a><\/figure><\/li><\/ul><\/figure>\n\n\n\n<p> <em>Foto: Welyton Manoel\/PMFI.<\/em><br> <\/p>\n","protected":false},"excerpt":{"rendered":"<p>Homenagens organizadas pela Secretaria de Meio Ambiente e Educa\u00e7\u00e3o foram feitas em nove escolas da rede municipal Dos 25 anos que a professora Marta L\u00facia Ferlin dedicou \u00e0 doc\u00eancia, 20 deles foram dentro das salas de aula da Escola Municipal Tr\u00eas Bandeiras. Em maio, ela foi uma das v\u00edtimas da Covid-19 no munic\u00edpio. Para homenage\u00e1-la, [&hellip;]<\/p>\n","protected":false},"author":2,"featured_media":3260,"comment_status":"open","ping_status":"open","sticky":false,"template":"","format":"standard","meta":{"om_disable_all_campaigns":false,"_monsterinsights_skip_tracking":false,"_monsterinsights_sitenote_active":false,"_monsterinsights_sitenote_note":"","_monsterinsights_sitenote_category":0,"footnotes":""},"categories":[4,7],"tags":[],"class_list":["post-3256","post","type-post","status-publish","format-standard","has-post-thumbnail","hentry","category-cidade","category-covid-19"],"_links":{"self":[{"href":"https:\/\/acontecenafronteira.com.br\/index.php\/wp-json\/wp\/v2\/posts\/3256","targetHints":{"allow":["GET"]}}],"collection":[{"href":"https:\/\/acontecenafronteira.com.br\/index.php\/wp-json\/wp\/v2\/posts"}],"about":[{"href":"https:\/\/acontecenafronteira.com.br\/index.php\/wp-json\/wp\/v2\/types\/post"}],"author":[{"embeddable":true,"href":"https:\/\/acontecenafronteira.com.br\/index.php\/wp-json\/wp\/v2\/users\/2"}],"replies":[{"embeddable":true,"href":"https:\/\/acontecenafronteira.com.br\/index.php\/wp-json\/wp\/v2\/comments?post=3256"}],"version-history":[{"count":1,"href":"https:\/\/acontecenafronteira.com.br\/index.php\/wp-json\/wp\/v2\/posts\/3256\/revisions"}],"predecessor-version":[{"id":3262,"href":"https:\/\/acontecenafronteira.com.br\/index.php\/wp-json\/wp\/v2\/posts\/3256\/revisions\/3262"}],"wp:featuredmedia":[{"embeddable":true,"href":"https:\/\/acontecenafronteira.com.br\/index.php\/wp-json\/wp\/v2\/media\/3260"}],"wp:attachment":[{"href":"https:\/\/acontecenafronteira.com.br\/index.php\/wp-json\/wp\/v2\/media?parent=3256"}],"wp:term":[{"taxonomy":"category","embeddable":true,"href":"https:\/\/acontecenafronteira.com.br\/index.php\/wp-json\/wp\/v2\/categories?post=3256"},{"taxonomy":"post_tag","embeddable":true,"href":"https:\/\/acontecenafronteira.com.br\/index.php\/wp-json\/wp\/v2\/tags?post=3256"}],"curies":[{"name":"wp","href":"https:\/\/api.w.org\/{rel}","templated":true}]}}