{"id":32556,"date":"2026-08-31T14:36:05","date_gmt":"2026-08-31T17:36:05","guid":{"rendered":"https:\/\/acontecenafronteira.com.br\/?p=32556"},"modified":"2026-08-31T14:36:05","modified_gmt":"2026-08-31T17:36:05","slug":"feira-do-livro-de-foz-do-iguacu-2024-comeca-nesta-quinta","status":"publish","type":"post","link":"https:\/\/acontecenafronteira.com.br\/index.php\/2026\/08\/31\/feira-do-livro-de-foz-do-iguacu-2024-comeca-nesta-quinta\/","title":{"rendered":"Feira do Livro de Foz do Igua\u00e7u 2024 come\u00e7a nesta quinta"},"content":{"rendered":"<p>Come\u00e7a nesta quinta-feira (3) a vig\u00e9sima primeira edi\u00e7\u00e3o da <strong>Feira Internacional do Livro de Foz do Igua\u00e7u<\/strong>, prometendo movimentar a cena cultural da regi\u00e3o de fronteira com uma programa\u00e7\u00e3o totalmente gratuita voltada para todas as idades.<\/p>\n<h2>Atividades culturais e atra\u00e7\u00f5es musicais<\/h2>\n<p>O evento principal acontece na Pra\u00e7a da Paz e conta com mais de 80 atra\u00e7\u00f5es culturais programadas ao longo dos dias de realiza\u00e7\u00e3o. Entre os destaques mais esperados pelo p\u00fablico est\u00e3o os shows musicais de grande proje\u00e7\u00e3o nacional.<\/p>\n<p>A cantora <strong>Roberta Campos<\/strong> e a banda <strong>Jovem Dion\u00edsio<\/strong> s\u00e3o as principais atra\u00e7\u00f5es musicais confirmadas para esta edi\u00e7\u00e3o da feira liter\u00e1ria, trazendo apresenta\u00e7\u00f5es gratuitas para os visitantes e moradores locais.<\/p>\n<h2>Homenagens e literatura<\/h2>\n<p>Al\u00e9m da m\u00fasica e da comercializa\u00e7\u00e3o de obras liter\u00e1rias, a programa\u00e7\u00e3o oficial presta um tributo especial \u00e0 renomada escritora infantil <strong>Ruth Rocha<\/strong>, reconhecida nacionalmente por suas obras cl\u00e1ssicas que marcaram gera\u00e7\u00f5es de leitores brasileiros.<\/p>\n<p>A iniciativa busca incentivar o h\u00e1bito da leitura e democratizar o acesso \u00e0 cultura, reunindo autores, leitores e artistas em um dos eventos mais tradicionais do calend\u00e1rio paranaense.<\/p>\n<p>Por Reda\u00e7\u00e3o Acontece<\/p>\n<p>Cr\u00e9ditos da imagem: Divulga\u00e7\u00e3o \/ Prefeitura de Foz do Igua\u00e7u<\/p>\n","protected":false},"excerpt":{"rendered":"<p>Come\u00e7a nesta quinta-feira (3) a vig\u00e9sima primeira edi\u00e7\u00e3o da Feira Internacional do Livro de Foz do Igua\u00e7u, prometendo movimentar a cena cultural da regi\u00e3o de fronteira com uma programa\u00e7\u00e3o totalmente gratuita voltada para todas as idades. Atividades culturais e atra\u00e7\u00f5es musicais O evento principal acontece na Pra\u00e7a da Paz e conta com mais de 80 [&hellip;]<\/p>\n","protected":false},"author":0,"featured_media":32560,"comment_status":"open","ping_status":"open","sticky":false,"template":"","format":"standard","meta":{"footnotes":""},"categories":[4],"tags":[],"class_list":["post-32556","post","type-post","status-publish","format-standard","has-post-thumbnail","hentry","category-cidade"],"_links":{"self":[{"href":"https:\/\/acontecenafronteira.com.br\/index.php\/wp-json\/wp\/v2\/posts\/32556","targetHints":{"allow":["GET"]}}],"collection":[{"href":"https:\/\/acontecenafronteira.com.br\/index.php\/wp-json\/wp\/v2\/posts"}],"about":[{"href":"https:\/\/acontecenafronteira.com.br\/index.php\/wp-json\/wp\/v2\/types\/post"}],"replies":[{"embeddable":true,"href":"https:\/\/acontecenafronteira.com.br\/index.php\/wp-json\/wp\/v2\/comments?post=32556"}],"version-history":[{"count":1,"href":"https:\/\/acontecenafronteira.com.br\/index.php\/wp-json\/wp\/v2\/posts\/32556\/revisions"}],"predecessor-version":[{"id":32559,"href":"https:\/\/acontecenafronteira.com.br\/index.php\/wp-json\/wp\/v2\/posts\/32556\/revisions\/32559"}],"wp:featuredmedia":[{"embeddable":true,"href":"https:\/\/acontecenafronteira.com.br\/index.php\/wp-json\/wp\/v2\/media\/32560"}],"wp:attachment":[{"href":"https:\/\/acontecenafronteira.com.br\/index.php\/wp-json\/wp\/v2\/media?parent=32556"}],"wp:term":[{"taxonomy":"category","embeddable":true,"href":"https:\/\/acontecenafronteira.com.br\/index.php\/wp-json\/wp\/v2\/categories?post=32556"},{"taxonomy":"post_tag","embeddable":true,"href":"https:\/\/acontecenafronteira.com.br\/index.php\/wp-json\/wp\/v2\/tags?post=32556"}],"curies":[{"name":"wp","href":"https:\/\/api.w.org\/{rel}","templated":true}]}}