{"id":32555,"date":"2026-08-31T14:36:00","date_gmt":"2026-08-31T17:36:00","guid":{"rendered":"https:\/\/acontecenafronteira.com.br\/?p=32555"},"modified":"2026-08-31T14:36:00","modified_gmt":"2026-08-31T17:36:00","slug":"policia-faz-busca-na-sede-do-macuco-safari-apos-falhas-em-videos","status":"publish","type":"post","link":"https:\/\/acontecenafronteira.com.br\/index.php\/2026\/08\/31\/policia-faz-busca-na-sede-do-macuco-safari-apos-falhas-em-videos\/","title":{"rendered":"Pol\u00edcia faz busca na sede do Macuco Safari ap\u00f3s falhas em v\u00eddeos"},"content":{"rendered":"<p>A Pol\u00edcia Civil realizou uma opera\u00e7\u00e3o de busca e apreens\u00e3o na sede do Macuco Safari, localizada no Rio de Janeiro, nesta segunda-feira (31). A a\u00e7\u00e3o faz parte das investiga\u00e7\u00f5es sobre o acidente que resultou na morte de um turista holand\u00eas na regi\u00e3o.<\/p>\n<h2>Apreens\u00e3o de equipamentos e arquivos<\/h2>\n<p>Computadores e documentos foram recolhidos pelos agentes durante a dilig\u00eancia no local. A medida judicial foi adotada ap\u00f3s os investigadores constatarem que as grava\u00e7\u00f5es de v\u00eddeo entregues anteriormente \u00e0 corpora\u00e7\u00e3o apresentavam cortes suspeitos.<\/p>\n<h2>Investiga\u00e7\u00e3o em andamento sobre o acidente<\/h2>\n<p>A nova fase do inqu\u00e9rito busca esclarecer as circunst\u00e2ncias reais da trag\u00e9dia envolvendo o visitante estrangeiro. A manipula\u00e7\u00e3o ou aus\u00eancia de trechos nos arquivos digitais levantou suspeitas e motivou a nova ordem de busca expedida pela Justi\u00e7a.<\/p>\n<p>As autoridades continuam analisando o material apreendido para recuperar os dados originais e apurar eventuais responsabilidades criminais pelo ocorrido nas atra\u00e7\u00f5es tur\u00edsticas.<\/p>\n<p>Por Reda\u00e7\u00e3o Acontece<\/p>\n<p>Cr\u00e9ditos da imagem: Divulga\u00e7\u00e3o\/Pol\u00edcia Civil<\/p>\n","protected":false},"excerpt":{"rendered":"<p>A Pol\u00edcia Civil realizou uma opera\u00e7\u00e3o de busca e apreens\u00e3o na sede do Macuco Safari, localizada no Rio de Janeiro, nesta segunda-feira (31). A a\u00e7\u00e3o faz parte das investiga\u00e7\u00f5es sobre o acidente que resultou na morte de um turista holand\u00eas na regi\u00e3o. Apreens\u00e3o de equipamentos e arquivos Computadores e documentos foram recolhidos pelos agentes durante [&hellip;]<\/p>\n","protected":false},"author":0,"featured_media":32558,"comment_status":"open","ping_status":"open","sticky":false,"template":"","format":"standard","meta":{"footnotes":""},"categories":[4],"tags":[],"class_list":["post-32555","post","type-post","status-publish","format-standard","has-post-thumbnail","hentry","category-cidade"],"_links":{"self":[{"href":"https:\/\/acontecenafronteira.com.br\/index.php\/wp-json\/wp\/v2\/posts\/32555","targetHints":{"allow":["GET"]}}],"collection":[{"href":"https:\/\/acontecenafronteira.com.br\/index.php\/wp-json\/wp\/v2\/posts"}],"about":[{"href":"https:\/\/acontecenafronteira.com.br\/index.php\/wp-json\/wp\/v2\/types\/post"}],"replies":[{"embeddable":true,"href":"https:\/\/acontecenafronteira.com.br\/index.php\/wp-json\/wp\/v2\/comments?post=32555"}],"version-history":[{"count":1,"href":"https:\/\/acontecenafronteira.com.br\/index.php\/wp-json\/wp\/v2\/posts\/32555\/revisions"}],"predecessor-version":[{"id":32557,"href":"https:\/\/acontecenafronteira.com.br\/index.php\/wp-json\/wp\/v2\/posts\/32555\/revisions\/32557"}],"wp:featuredmedia":[{"embeddable":true,"href":"https:\/\/acontecenafronteira.com.br\/index.php\/wp-json\/wp\/v2\/media\/32558"}],"wp:attachment":[{"href":"https:\/\/acontecenafronteira.com.br\/index.php\/wp-json\/wp\/v2\/media?parent=32555"}],"wp:term":[{"taxonomy":"category","embeddable":true,"href":"https:\/\/acontecenafronteira.com.br\/index.php\/wp-json\/wp\/v2\/categories?post=32555"},{"taxonomy":"post_tag","embeddable":true,"href":"https:\/\/acontecenafronteira.com.br\/index.php\/wp-json\/wp\/v2\/tags?post=32555"}],"curies":[{"name":"wp","href":"https:\/\/api.w.org\/{rel}","templated":true}]}}