{"id":32550,"date":"2026-08-31T13:41:07","date_gmt":"2026-08-31T16:41:07","guid":{"rendered":"https:\/\/acontecenafronteira.com.br\/?p=32550"},"modified":"2026-08-31T13:41:08","modified_gmt":"2026-08-31T16:41:08","slug":"21a-feira-internacional-do-livro-de-foz-do-iguacu-comeca-nesta-quinta-feira-03","status":"publish","type":"post","link":"https:\/\/acontecenafronteira.com.br\/index.php\/2026\/08\/31\/21a-feira-internacional-do-livro-de-foz-do-iguacu-comeca-nesta-quinta-feira-03\/","title":{"rendered":"21\u00aa Feira Internacional do Livro de Foz do Igua\u00e7u come\u00e7a nesta quinta-feira (03)"},"content":{"rendered":"\n<p class=\"wp-block-paragraph\">A Funda\u00e7\u00e3o Cultural divulgou a programa\u00e7\u00e3o da 21\u00aa Feira Internacional do Livro de Foz do Igua\u00e7u \u2013 Festival Liter\u00e1rio, que come\u00e7a na pr\u00f3xima quinta-feira (03), \u00e0s 9h, na Pra\u00e7a da Paz. A solenidade oficial de abertura est\u00e1 prevista para 19h, seguida pelo show da cantora Roberta Campos. A montagem das estruturas est\u00e1 em andamento desde a semana passada.<\/p>\n\n\n\n<p class=\"wp-block-paragraph\">Nos quatro dias de feira, haver\u00e1 atividades para p\u00fablicos de todas as idades, entre conta\u00e7\u00f5es de hist\u00f3rias, palestras de escritores nacionais, shows musicais, mesas de conversa, exposi\u00e7\u00f5es art\u00edsticas, oficinas, lan\u00e7amentos de livros, entre outras.<\/p>\n\n\n\n<p class=\"wp-block-paragraph\">Entre os destaques da programa\u00e7\u00e3o nesta edi\u00e7\u00e3o, est\u00e3o as apresenta\u00e7\u00f5es de Roberta Campos, cantora famosa por diversas trilhas de novelas, e a banda Jovem Dion\u00edsio, conhecida pelo hit \u201cAcorda, Pedrinho\u201d, e os autores nacionais Felipe Castilho, Cl\u00e9o Busatto, Tino Freitas e Marina Hadlich.<\/p>\n\n\n\n<p class=\"wp-block-paragraph\">Para quem quiser adquirir novos livros, haver\u00e1 diversos exemplares em 10 tendas de livrarias, editoras e sebos. A equipe da Biblioteca P\u00fablica Elfrida Engel Nunes Rios tamb\u00e9m promover\u00e1 a troca de exemplares. Ressalta-se que as obras dever\u00e3o estar em bom estado de conserva\u00e7\u00e3o.<\/p>\n\n\n\n<p class=\"wp-block-paragraph\">\u201cPara atrair p\u00fablicos de todas as idades, tanto moradores de Foz como nossos visitantes, trouxemos artistas e autores reconhecidos nacionalmente. Mas, \u00e9 claro, nosso objetivo \u00e9 sempre valorizar os nossos artistas, entre m\u00fasicos, escritores, artes\u00e3os, entre outros. A qualidade do que \u00e9 produzido aqui \u00e9 primorosa\u201d, destaca o diretor de Cultura da Funda\u00e7\u00e3o Cultural, S\u00e9rgio Teixeira.<\/p>\n\n\n\n<p class=\"wp-block-paragraph\"><strong>Feirinha especial<\/strong><\/p>\n\n\n\n<p class=\"wp-block-paragraph\">Os feirantes da tradicional Feirinha da JK tamb\u00e9m ser\u00e3o uma grande atra\u00e7\u00e3o do festival. Durante os quatro dias, pela manh\u00e3, participam aqueles que comercializam os mais diversos tipos de comidas e bebidas. No final da tarde, integram o grupo os demais feirantes, com produtos artesanais, brech\u00f3s e feira de antiguidades.<\/p>\n\n\n\n<p class=\"wp-block-paragraph\"><strong>Homenageada e embaixador<\/strong><\/p>\n\n\n\n<p class=\"wp-block-paragraph\">Na 21\u00aa edi\u00e7\u00e3o, a homenageada da feira \u00e9 a autora Ruth Rocha, um dos principais nomes da literatura infantojuvenil do pa\u00eds. A Pra\u00e7a da Paz ser\u00e1 transformada em um grande livro, com cenografia especial, inspirada nas obras e personagens da escritora.<\/p>\n\n\n\n<p class=\"wp-block-paragraph\">O evento ter\u00e1 ainda um embaixador honor\u00edfico, o professor, escritor, pesquisador e servidor p\u00fablico efetivo Waldson de Almeida Dias. O t\u00edtulo, oficializado por meio de portaria do Munic\u00edpio, reconhece a trajet\u00f3ria de Waldson e sua contribui\u00e7\u00e3o para a cultura, a literatura, a forma\u00e7\u00e3o de leitores e, especialmente, para a hist\u00f3ria da Feira do Livro de Foz<\/p>\n\n\n\n<p class=\"wp-block-paragraph\">O evento \u00e9 organizado pela Prefeitura de Foz do Igua\u00e7u e Funda\u00e7\u00e3o Cultural, com apoio do Itaipu Parquetec, do Marco das 3 Fronteiras e da Associa\u00e7\u00e3o On\u00e7as do Bem.<\/p>\n\n\n\n<p class=\"wp-block-paragraph\">Observa\u00e7\u00e3o: crian\u00e7as e adolescentes de at\u00e9 17 anos n\u00e3o poder\u00e3o participar da feira desacompanhados de respons\u00e1veis.<\/p>\n\n\n\n<p class=\"wp-block-paragraph\">Confira a programa\u00e7\u00e3o completa (podem haver pequenas altera\u00e7\u00f5es caso seja necess\u00e1rio):<\/p>\n\n\n\n<p class=\"wp-block-paragraph\"><strong>Palco<\/strong><\/p>\n\n\n\n<p class=\"wp-block-paragraph\">03\/09 (quinta-feira)<\/p>\n\n\n\n<p class=\"wp-block-paragraph\">9h \u2013 Conta\u00e7\u00e3o de hist\u00f3ria \u2013 A Aventura do Pequeno Sonhador<\/p>\n\n\n\n<p class=\"wp-block-paragraph\">14h \u2013 Conta\u00e7\u00e3o de hist\u00f3ria \u2013 A Aventura do Pequeno Sonhador<\/p>\n\n\n\n<p class=\"wp-block-paragraph\">17h \u2013 Apresenta\u00e7\u00e3o circense \u2013 SDS Cia Teatral<\/p>\n\n\n\n<p class=\"wp-block-paragraph\">18h \u2013 Show Banda Alado 013 \u2013 Tributo Charlie Brown Jr.<\/p>\n\n\n\n<p class=\"wp-block-paragraph\">18h30 \u2013 Palestra \u2013 Escritor Felipe Castilho<\/p>\n\n\n\n<p class=\"wp-block-paragraph\">19h \u2013 Abertura Oficial<\/p>\n\n\n\n<p class=\"wp-block-paragraph\">20h \u2013 Show Cantora Roberta Campos<\/p>\n\n\n\n<p class=\"wp-block-paragraph\">04\/09 (sexta-feira)<\/p>\n\n\n\n<p class=\"wp-block-paragraph\">9h \u2013 Apresenta\u00e7\u00e3o circense \u2013 Liliane Cordeiro de Oliveira<\/p>\n\n\n\n<p class=\"wp-block-paragraph\">14h \u2013 Apresenta\u00e7\u00e3o circense \u2013 Liliane Cordeiro de Oliveira<\/p>\n\n\n\n<p class=\"wp-block-paragraph\">17h \u2013 Apresenta\u00e7\u00e3o circense \u2013 Troupe Luz da Lua<\/p>\n\n\n\n<p class=\"wp-block-paragraph\">19h \u2013 Mesa com escritores locais \u2013 Media\u00e7\u00e3o do embaixador Waldson Dias<\/p>\n\n\n\n<p class=\"wp-block-paragraph\">20h30 \u2013 Show Tiago Rossato e Sofia Goulart<\/p>\n\n\n\n<p class=\"wp-block-paragraph\">05\/09 (s\u00e1bado)<\/p>\n\n\n\n<p class=\"wp-block-paragraph\">10h \u2013 Pintura facial e apresenta\u00e7\u00e3o teatral do programa Foz Fazendo Arte<\/p>\n\n\n\n<p class=\"wp-block-paragraph\">11h \u2013 Show Spartaco Power Trio<\/p>\n\n\n\n<p class=\"wp-block-paragraph\">12h \u2013 Show Banda Misturazz Duo<\/p>\n\n\n\n<p class=\"wp-block-paragraph\">13h \u2013 Show Trio Exporta Som<\/p>\n\n\n\n<p class=\"wp-block-paragraph\">14h \u2013 Show Gabriel Henrique<\/p>\n\n\n\n<p class=\"wp-block-paragraph\">15h \u2013 Apresenta\u00e7\u00e3o grupo folcl\u00f3rico latinoamericano Corisco Arte e Cultura<\/p>\n\n\n\n<p class=\"wp-block-paragraph\">17h \u2013 Mesa de conversas \u2013 Ensino e projetos na Penitenci\u00e1ria<\/p>\n\n\n\n<p class=\"wp-block-paragraph\">19h \u2013 Palestra escritores \u2013 Tino Freitas e Cl\u00e9o Busatto<\/p>\n\n\n\n<p class=\"wp-block-paragraph\">20h \u2013 Show \u2013 Banda Jovem Dion\u00edsio<\/p>\n\n\n\n<p class=\"wp-block-paragraph\">06\/09 (domingo)<\/p>\n\n\n\n<p class=\"wp-block-paragraph\">10h \u2013 Apresenta\u00e7\u00e3o teatral do programa Foz Fazendo Arte<\/p>\n\n\n\n<p class=\"wp-block-paragraph\">11h \u2013 Apresenta\u00e7\u00e3o circense \u2013 Troupe Luz da Lua<br>Show 3\u00ba do Plural<\/p>\n\n\n\n<p class=\"wp-block-paragraph\">12h \u2013 Show Spartaco Avelar e Banda<\/p>\n\n\n\n<p class=\"wp-block-paragraph\">13h \u2013 Show Samba de Boemia<\/p>\n\n\n\n<p class=\"wp-block-paragraph\">14h \u2013 Apresenta\u00e7\u00e3o Folclore Popular Infantil para toda a Fam\u00edlia<\/p>\n\n\n\n<p class=\"wp-block-paragraph\">17h \u2013 Conta\u00e7\u00e3o de hist\u00f3ria \u2013 As Aventuras do Pequeno Sonhador<\/p>\n\n\n\n<p class=\"wp-block-paragraph\">18h \u2013 Apresenta\u00e7\u00e3o SDS Cia Teatral<\/p>\n\n\n\n<p class=\"wp-block-paragraph\">19h \u2013 Palestra Escritor Tino Freitas<\/p>\n\n\n\n<p class=\"wp-block-paragraph\">21h \u2013 Banda Jo\u00e3o &amp; Os Bons Jovens<\/p>\n\n\n\n<p class=\"wp-block-paragraph\"><strong>Estande Funda\u00e7\u00e3o Cultural<\/strong><\/p>\n\n\n\n<p class=\"wp-block-paragraph\">Troca de livros: 3 e 4 de setembro das 15h \u00e0s 19h, e nos dias 5 e 6 de setembro, das 10h \u00e0s 12h e das 14h \u00e0s 17h,<\/p>\n\n\n\n<p class=\"wp-block-paragraph\">03\/09 (quinta-feira)<\/p>\n\n\n\n<p class=\"wp-block-paragraph\">9h30 \u2013 Oficina artesanato e capoeira<\/p>\n\n\n\n<p class=\"wp-block-paragraph\">10h30 \u2013 Oficina artesanato e capoeira<\/p>\n\n\n\n<p class=\"wp-block-paragraph\">14h \u2013 Oficina artesanato e capoeira<\/p>\n\n\n\n<p class=\"wp-block-paragraph\">15h \u2013 Oficina artesanato e capoeira<\/p>\n\n\n\n<p class=\"wp-block-paragraph\">16h \u2013 Conta\u00e7\u00e3o de hist\u00f3ria e atividade l\u00fadica<\/p>\n\n\n\n<p class=\"wp-block-paragraph\">18h \u2013 Conta\u00e7\u00e3o de hist\u00f3ria e atividade l\u00fadica<\/p>\n\n\n\n<p class=\"wp-block-paragraph\">04\/09 (sexta-feira)<\/p>\n\n\n\n<p class=\"wp-block-paragraph\">9h30 \u2013 Oficina artesanato e capoeira<\/p>\n\n\n\n<p class=\"wp-block-paragraph\">10h30 \u2013 Oficina artesanato e capoeira<br>14h \u2013 Oficina artesanato e capoeira<\/p>\n\n\n\n<p class=\"wp-block-paragraph\">15h \u2013 Oficina de canto coletivo<\/p>\n\n\n\n<p class=\"wp-block-paragraph\">16h \u2013 Conta\u00e7\u00e3o de hist\u00f3ria e atividade l\u00fadica<\/p>\n\n\n\n<p class=\"wp-block-paragraph\">18h \u2013 Conta\u00e7\u00e3o de hist\u00f3ria e atividade l\u00fadica<\/p>\n\n\n\n<p class=\"wp-block-paragraph\">05\/09 (s\u00e1bado)<\/p>\n\n\n\n<p class=\"wp-block-paragraph\">10h \u2013 Oficina de escrita criativa<\/p>\n\n\n\n<p class=\"wp-block-paragraph\">11h \u2013 Conta\u00e7\u00e3o de hist\u00f3ria e atividade l\u00fadica<\/p>\n\n\n\n<p class=\"wp-block-paragraph\">14h \u2013 Oficina de circo<br>Conta\u00e7\u00e3o de hist\u00f3ria e atividade l\u00fadica<br>Pintura facial<\/p>\n\n\n\n<p class=\"wp-block-paragraph\">15h \u2013 Oficina de marca p\u00e1ginas<\/p>\n\n\n\n<p class=\"wp-block-paragraph\">16h \u2013 Oficina de encaderna\u00e7\u00e3o<\/p>\n\n\n\n<p class=\"wp-block-paragraph\">17h \u2013 Oficina de confec\u00e7\u00e3o de mini livros<\/p>\n\n\n\n<p class=\"wp-block-paragraph\">06\/09 (domingo)<\/p>\n\n\n\n<p class=\"wp-block-paragraph\">9h \u2013 Conta\u00e7\u00e3o de hist\u00f3ria e atividade l\u00fadica<br>Pintura facial<br>Oficina de canto coletivo<\/p>\n\n\n\n<p class=\"wp-block-paragraph\">10h \u2013 Oficina de confec\u00e7\u00e3o de mini livros<\/p>\n\n\n\n<p class=\"wp-block-paragraph\">11h \u2013 Oficina de circo<\/p>\n\n\n\n<p class=\"wp-block-paragraph\">14h \u2013 Oficina de confec\u00e7\u00e3o de zines<br>Pintura facial<\/p>\n\n\n\n<p class=\"wp-block-paragraph\">15h \u2013 Oficina de confec\u00e7\u00e3o de zines<\/p>\n\n\n\n<p class=\"wp-block-paragraph\">16h \u2013 Oficina de colagem de cartaz<\/p>\n\n\n\n<p class=\"wp-block-paragraph\">17h \u2013 Oficina criativa de escrita \u201cTela Azul\u201d<\/p>\n\n\n\n<p class=\"wp-block-paragraph\"><strong>Estande Lan\u00e7amento de Livros<\/strong><\/p>\n\n\n\n<p class=\"wp-block-paragraph\">03\/09 (quinta-feira)<\/p>\n\n\n\n<p class=\"wp-block-paragraph\">11h \u2013 Karine Brito dos Santos<\/p>\n\n\n\n<p class=\"wp-block-paragraph\">14h \u2013 Roberto Otuzi de Oliveira<\/p>\n\n\n\n<p class=\"wp-block-paragraph\">17h \u2013 Solange Ramos Esteves<\/p>\n\n\n\n<p class=\"wp-block-paragraph\">04\/09 (sexta-feira)<\/p>\n\n\n\n<p class=\"wp-block-paragraph\">14h \u2013 Roberto Otuzi de Oliveira<\/p>\n\n\n\n<p class=\"wp-block-paragraph\">15h \u2013 Karine Brito dos Santos<\/p>\n\n\n\n<p class=\"wp-block-paragraph\">17h \u2013 Carlos Barbosa Junior<\/p>\n\n\n\n<p class=\"wp-block-paragraph\">05\/09 (s\u00e1bado)<\/p>\n\n\n\n<p class=\"wp-block-paragraph\">9h \u2013 Cassiel da Rosa<br>Heidy de Lirio<\/p>\n\n\n\n<p class=\"wp-block-paragraph\">12h \u2013 Cassiel da Rosa<\/p>\n\n\n\n<p class=\"wp-block-paragraph\">13h \u2013 Thais Helena de Lima<\/p>\n\n\n\n<p class=\"wp-block-paragraph\">14h \u2013 Elisia Shaiane Buche<\/p>\n\n\n\n<p class=\"wp-block-paragraph\">15h \u2013 Henrique dos Santos<\/p>\n\n\n\n<p class=\"wp-block-paragraph\">16h \u2013 Rosne Amadori<\/p>\n\n\n\n<p class=\"wp-block-paragraph\">17h \u2013 Eucardio<\/p>\n\n\n\n<p class=\"wp-block-paragraph\">06\/09 (domingo)<\/p>\n\n\n\n<p class=\"wp-block-paragraph\">9h \u2013 Lavinia Raquel Martins<\/p>\n\n\n\n<p class=\"wp-block-paragraph\">10h \u2013 Rosangela Pedro<\/p>\n\n\n\n<p class=\"wp-block-paragraph\">11h \u2013 Carlos Cezare<\/p>\n\n\n\n<p class=\"wp-block-paragraph\">13h \u2013 Heidy de Lirio<\/p>\n\n\n\n<p class=\"wp-block-paragraph\">14h \u2013 Lhaissa Andria<\/p>\n\n\n\n<p class=\"wp-block-paragraph\">15h \u2013 Claudio da Costa Lima<\/p>\n\n\n\n<p class=\"wp-block-paragraph\">16h \u2013 Jorgelina Ivana Tallei<\/p>\n\n\n\n<p class=\"wp-block-paragraph\">17h \u2013 Carlos Cezare<\/p>\n\n\n\n<p class=\"wp-block-paragraph\"><\/p>\n","protected":false},"excerpt":{"rendered":"<p>A Funda\u00e7\u00e3o Cultural divulgou a programa\u00e7\u00e3o da 21\u00aa Feira Internacional do Livro de Foz do Igua\u00e7u \u2013 Festival Liter\u00e1rio, que come\u00e7a na pr\u00f3xima quinta-feira (03), \u00e0s 9h, na Pra\u00e7a da Paz. A solenidade oficial de abertura est\u00e1 prevista para 19h, seguida pelo show da cantora Roberta Campos. A montagem das estruturas est\u00e1 em andamento desde [&hellip;]<\/p>\n","protected":false},"author":2,"featured_media":32551,"comment_status":"open","ping_status":"open","sticky":false,"template":"","format":"standard","meta":{"footnotes":""},"categories":[26,4,3],"tags":[],"class_list":["post-32550","post","type-post","status-publish","format-standard","has-post-thumbnail","hentry","category-brasil","category-cidade","category-cultura"],"_links":{"self":[{"href":"https:\/\/acontecenafronteira.com.br\/index.php\/wp-json\/wp\/v2\/posts\/32550","targetHints":{"allow":["GET"]}}],"collection":[{"href":"https:\/\/acontecenafronteira.com.br\/index.php\/wp-json\/wp\/v2\/posts"}],"about":[{"href":"https:\/\/acontecenafronteira.com.br\/index.php\/wp-json\/wp\/v2\/types\/post"}],"author":[{"embeddable":true,"href":"https:\/\/acontecenafronteira.com.br\/index.php\/wp-json\/wp\/v2\/users\/2"}],"replies":[{"embeddable":true,"href":"https:\/\/acontecenafronteira.com.br\/index.php\/wp-json\/wp\/v2\/comments?post=32550"}],"version-history":[{"count":1,"href":"https:\/\/acontecenafronteira.com.br\/index.php\/wp-json\/wp\/v2\/posts\/32550\/revisions"}],"predecessor-version":[{"id":32552,"href":"https:\/\/acontecenafronteira.com.br\/index.php\/wp-json\/wp\/v2\/posts\/32550\/revisions\/32552"}],"wp:featuredmedia":[{"embeddable":true,"href":"https:\/\/acontecenafronteira.com.br\/index.php\/wp-json\/wp\/v2\/media\/32551"}],"wp:attachment":[{"href":"https:\/\/acontecenafronteira.com.br\/index.php\/wp-json\/wp\/v2\/media?parent=32550"}],"wp:term":[{"taxonomy":"category","embeddable":true,"href":"https:\/\/acontecenafronteira.com.br\/index.php\/wp-json\/wp\/v2\/categories?post=32550"},{"taxonomy":"post_tag","embeddable":true,"href":"https:\/\/acontecenafronteira.com.br\/index.php\/wp-json\/wp\/v2\/tags?post=32550"}],"curies":[{"name":"wp","href":"https:\/\/api.w.org\/{rel}","templated":true}]}}