{"id":32540,"date":"2026-08-31T13:37:04","date_gmt":"2026-08-31T16:37:04","guid":{"rendered":"https:\/\/acontecenafronteira.com.br\/?p=32540"},"modified":"2026-08-31T13:37:04","modified_gmt":"2026-08-31T16:37:04","slug":"simony-anuncia-novo-amor-apos-luta-contra-o-cancer-mereco","status":"publish","type":"post","link":"https:\/\/acontecenafronteira.com.br\/index.php\/2026\/08\/31\/simony-anuncia-novo-amor-apos-luta-contra-o-cancer-mereco\/","title":{"rendered":"Simony anuncia novo amor ap\u00f3s luta contra o c\u00e2ncer: Mere\u00e7o"},"content":{"rendered":"<p>A cantora Simony, aos 50 anos, surpreendeu seus seguidores ao anunciar publicamente que est\u00e1 em um novo relacionamento amoroso. A artista, que recentemente travou uma batalha intensa contra o c\u00e2ncer no intestino, fez um emocionante desabafo sobre a nova fase e ressaltou que tem direito \u00e0 felicidade.<\/p>\n<h2>O mist\u00e9rio em torno da nova rela\u00e7\u00e3o<\/h2>\n<p>Para ilustrar o an\u00fancio feito nas redes sociais, a famosa compartilhou um registro ao lado do parceiro, cuja identidade foi mantida em sigilo. Segundo a musicista, a decis\u00e3o de n\u00e3o expor o companheiro est\u00e1 ligada \u00e0 preserva\u00e7\u00e3o do casal.<\/p>\n<p>Ela explicou que a discri\u00e7\u00e3o n\u00e3o significa oculta\u00e7\u00e3o, mas sim a necessidade de blindar o romance contra energias negativas. A cantora destacou que alguns sentimentos exigem cautela e tranquilidade para se desenvolverem plenamente longe dos holofotes.<\/p>\n<h2>Reflex\u00e3o sobre supera\u00e7\u00e3o e direito \u00e0 paz<\/h2>\n<p>A ex-integrante do Bal\u00e3o M\u00e1gico pontuou que existem pessoas mal-intencionadas, embora reconhe\u00e7a a for\u00e7a da torcida positiva de seus admiradores. Para ela, o amor deve ser vivenciado de maneira leve, sem press\u00f5es externas ou a necessidade de valida\u00e7\u00e3o p\u00fablica.<\/p>\n<p>Por fim, a estrela relembrou os momentos dif\u00edceis que superou nos \u00faltimos anos, incluindo os custos elevados de sua recupera\u00e7\u00e3o m\u00e9dica, que totalizaram meio milh\u00e3o de reais. Com apoio de f\u00e3s e amigos nos coment\u00e1rios, a musicista celebra agora a oportunidade de recome\u00e7ar com tranquilidade.<\/p>\n<p>Por Reda\u00e7\u00e3o Acontece<\/p>\n<p>Reprodu\u00e7\u00e3o\/Redes sociais<\/p>\n","protected":false},"excerpt":{"rendered":"<p>A cantora Simony, aos 50 anos, surpreendeu seus seguidores ao anunciar publicamente que est\u00e1 em um novo relacionamento amoroso. A artista, que recentemente travou uma batalha intensa contra o c\u00e2ncer no intestino, fez um emocionante desabafo sobre a nova fase e ressaltou que tem direito \u00e0 felicidade. O mist\u00e9rio em torno da nova rela\u00e7\u00e3o Para [&hellip;]<\/p>\n","protected":false},"author":0,"featured_media":32547,"comment_status":"open","ping_status":"open","sticky":false,"template":"","format":"standard","meta":{"footnotes":""},"categories":[6],"tags":[],"class_list":["post-32540","post","type-post","status-publish","format-standard","has-post-thumbnail","hentry","category-mercosul"],"_links":{"self":[{"href":"https:\/\/acontecenafronteira.com.br\/index.php\/wp-json\/wp\/v2\/posts\/32540","targetHints":{"allow":["GET"]}}],"collection":[{"href":"https:\/\/acontecenafronteira.com.br\/index.php\/wp-json\/wp\/v2\/posts"}],"about":[{"href":"https:\/\/acontecenafronteira.com.br\/index.php\/wp-json\/wp\/v2\/types\/post"}],"replies":[{"embeddable":true,"href":"https:\/\/acontecenafronteira.com.br\/index.php\/wp-json\/wp\/v2\/comments?post=32540"}],"version-history":[{"count":1,"href":"https:\/\/acontecenafronteira.com.br\/index.php\/wp-json\/wp\/v2\/posts\/32540\/revisions"}],"predecessor-version":[{"id":32546,"href":"https:\/\/acontecenafronteira.com.br\/index.php\/wp-json\/wp\/v2\/posts\/32540\/revisions\/32546"}],"wp:featuredmedia":[{"embeddable":true,"href":"https:\/\/acontecenafronteira.com.br\/index.php\/wp-json\/wp\/v2\/media\/32547"}],"wp:attachment":[{"href":"https:\/\/acontecenafronteira.com.br\/index.php\/wp-json\/wp\/v2\/media?parent=32540"}],"wp:term":[{"taxonomy":"category","embeddable":true,"href":"https:\/\/acontecenafronteira.com.br\/index.php\/wp-json\/wp\/v2\/categories?post=32540"},{"taxonomy":"post_tag","embeddable":true,"href":"https:\/\/acontecenafronteira.com.br\/index.php\/wp-json\/wp\/v2\/tags?post=32540"}],"curies":[{"name":"wp","href":"https:\/\/api.w.org\/{rel}","templated":true}]}}