{"id":32539,"date":"2026-08-31T13:37:00","date_gmt":"2026-08-31T16:37:00","guid":{"rendered":"https:\/\/acontecenafronteira.com.br\/?p=32539"},"modified":"2026-08-31T13:37:00","modified_gmt":"2026-08-31T16:37:00","slug":"guerra-no-ira-pentagono-alerta-sobre-risco-insustentavel","status":"publish","type":"post","link":"https:\/\/acontecenafronteira.com.br\/index.php\/2026\/08\/31\/guerra-no-ira-pentagono-alerta-sobre-risco-insustentavel\/","title":{"rendered":"Guerra no Ir\u00e3: Pent\u00e1gono alerta sobre risco insustent\u00e1vel"},"content":{"rendered":"<p>Um documento interno entregue ao secret\u00e1rio de Defesa dos Estados Unidos, Pete Hegseth, revelou que a manuten\u00e7\u00e3o prolongada do conflito contra o Ir\u00e3 representa uma amea\u00e7a direta \u00e0 capacidade defensiva global do pa\u00eds.<\/p>\n<h2>Impacto nos recursos militares americanos<\/h2>\n<p>Chefes do Ex\u00e9rcito, da Marinha e da For\u00e7a A\u00e9rea apontaram no relat\u00f3rio, veiculado na edi\u00e7\u00e3o de 14 de agosto do Livro de Ordens do Secret\u00e1rio de Defesa, que a prolongada mobiliza\u00e7\u00e3o de tropas e equipamentos esgota o arsenal estrat\u00e9gico.<\/p>\n<p>A necessidade de enviar navios, jatos e armamentos para o Oriente M\u00e9dio reduziu drasticamente a prontid\u00e3o das For\u00e7as Armadas para responder a crises em outras regi\u00f5es do planeta ou garantir a defesa do pr\u00f3prio territ\u00f3rio americano.<\/p>\n<h2>Desdobramentos estrat\u00e9gicos e custos financeiros<\/h2>\n<p>O alerta surgiu ap\u00f3s uma diretriz interna determinar a perman\u00eancia de militares na regi\u00e3o at\u00e9 2027. Com o conflito em curso desde 28 de fevereiro \u2014 completando 184 dias \u2014, as despesas oficiais j\u00e1 alcan\u00e7am a marca de US$ 37 bilh\u00f5es comunicados ao Congresso.<\/p>\n<p>Diante da repercuss\u00e3o, o porta-voz do Pent\u00e1gono, Sean Parnell, evitou debater pautas operacionais espec\u00edficas, mas classificou o vazamento de dados reservados como ato il\u00edcito, ressaltando que diverg\u00eancias internas fazem parte da gest\u00e3o militar.<\/p>\n<p>Por Reda\u00e7\u00e3o Acontece<\/p>\n<p>Cr\u00e9ditos da imagem: Divulga\u00e7\u00e3o \/ Pent\u00e1gono<\/p>\n","protected":false},"excerpt":{"rendered":"<p>Um documento interno entregue ao secret\u00e1rio de Defesa dos Estados Unidos, Pete Hegseth, revelou que a manuten\u00e7\u00e3o prolongada do conflito contra o Ir\u00e3 representa uma amea\u00e7a direta \u00e0 capacidade defensiva global do pa\u00eds. Impacto nos recursos militares americanos Chefes do Ex\u00e9rcito, da Marinha e da For\u00e7a A\u00e9rea apontaram no relat\u00f3rio, veiculado na edi\u00e7\u00e3o de 14 [&hellip;]<\/p>\n","protected":false},"author":0,"featured_media":32545,"comment_status":"open","ping_status":"open","sticky":false,"template":"","format":"standard","meta":{"footnotes":""},"categories":[6],"tags":[],"class_list":["post-32539","post","type-post","status-publish","format-standard","has-post-thumbnail","hentry","category-mercosul"],"_links":{"self":[{"href":"https:\/\/acontecenafronteira.com.br\/index.php\/wp-json\/wp\/v2\/posts\/32539","targetHints":{"allow":["GET"]}}],"collection":[{"href":"https:\/\/acontecenafronteira.com.br\/index.php\/wp-json\/wp\/v2\/posts"}],"about":[{"href":"https:\/\/acontecenafronteira.com.br\/index.php\/wp-json\/wp\/v2\/types\/post"}],"replies":[{"embeddable":true,"href":"https:\/\/acontecenafronteira.com.br\/index.php\/wp-json\/wp\/v2\/comments?post=32539"}],"version-history":[{"count":1,"href":"https:\/\/acontecenafronteira.com.br\/index.php\/wp-json\/wp\/v2\/posts\/32539\/revisions"}],"predecessor-version":[{"id":32544,"href":"https:\/\/acontecenafronteira.com.br\/index.php\/wp-json\/wp\/v2\/posts\/32539\/revisions\/32544"}],"wp:featuredmedia":[{"embeddable":true,"href":"https:\/\/acontecenafronteira.com.br\/index.php\/wp-json\/wp\/v2\/media\/32545"}],"wp:attachment":[{"href":"https:\/\/acontecenafronteira.com.br\/index.php\/wp-json\/wp\/v2\/media?parent=32539"}],"wp:term":[{"taxonomy":"category","embeddable":true,"href":"https:\/\/acontecenafronteira.com.br\/index.php\/wp-json\/wp\/v2\/categories?post=32539"},{"taxonomy":"post_tag","embeddable":true,"href":"https:\/\/acontecenafronteira.com.br\/index.php\/wp-json\/wp\/v2\/tags?post=32539"}],"curies":[{"name":"wp","href":"https:\/\/api.w.org\/{rel}","templated":true}]}}