{"id":32538,"date":"2026-08-31T13:36:56","date_gmt":"2026-08-31T16:36:56","guid":{"rendered":"https:\/\/acontecenafronteira.com.br\/?p=32538"},"modified":"2026-08-31T13:36:56","modified_gmt":"2026-08-31T16:36:56","slug":"bruno-dantas-renuncia-ao-tcu-em-busca-de-novos-desafios","status":"publish","type":"post","link":"https:\/\/acontecenafronteira.com.br\/index.php\/2026\/08\/31\/bruno-dantas-renuncia-ao-tcu-em-busca-de-novos-desafios\/","title":{"rendered":"Bruno Dantas renuncia ao TCU em busca de novos desafios"},"content":{"rendered":"<p>O ministro Bruno Dantas oficializou nesta segunda-feira (31\/8) a sua ren\u00fancia ao cargo no Tribunal de Contas da Uni\u00e3o (TCU), justificando a decis\u00e3o pela busca de novos horizontes profissionais e a necessidade de atuar em projetos estrat\u00e9gicos de interesse nacional.<\/p>\n<h2>A decis\u00e3o e o futuro profissional<\/h2>\n<p>Em carta oficial, Dantas destacou que encerra sua trajet\u00f3ria na Corte com o sentimento de dever cumprido e defendeu que a altern\u00e2ncia de poder \u00e9 fundamental para a sa\u00fade democr\u00e1tica do pa\u00eds. Aos 48 anos, ap\u00f3s liderar o \u00f3rg\u00e3o em um per\u00edodo de forte destaque institucional, ele avaliou que o momento era oportuno para encerrar o ciclo. Al\u00e9m de planejar a abertura de uma empresa e o retorno \u00e0 advocacia, o magistrado agradeceu o apoio de seus familiares, dos servidores de seu gabinete e do Senado Federal durante sua gest\u00e3o.<\/p>\n<h2>Rodrigo Pacheco cotado para a vaga<\/h2>\n<p>Com a abertura da cadeira, o processo de sucess\u00e3o j\u00e1 movimenta os bastidores de Bras\u00edlia. A indica\u00e7\u00e3o para o cargo \u00e9 de compet\u00eancia do Senado Federal, e o favorito para herdar a posi\u00e7\u00e3o \u00e9 o atual presidente da Casa, Rodrigo Pacheco (PSD-MG). Aliados estimam que a aprecia\u00e7\u00e3o do nome de Pacheco ocorra diretamente no plen\u00e1rio, dispensando a tradicional sabatina na Comiss\u00e3o de Constitui\u00e7\u00e3o e Justi\u00e7a (CCJ), com vota\u00e7\u00e3o prevista para esta quarta-feira (2\/8).<\/p>\n<h2>Articula\u00e7\u00e3o pol\u00edtica nos bastidores<\/h2>\n<p>A movimenta\u00e7\u00e3o em torno do senador mineiro conta com forte articula\u00e7\u00e3o de Davi Alcolumbre (Uni\u00e3o-AP). Anteriormente, Alcolumbre havia tentado emplacar Pacheco em uma cadeira no Supremo Tribunal Federal, indica\u00e7\u00e3o que acabou n\u00e3o se concretizando por escolha do Executivo. Al\u00e9m disso, o parlamentar mineiro chegou a ser cotado para a disputa ao governo de Minas Gerais, mas optou por retirar seu nome daquela corrida eleitoral.<\/p>\n<p>A sa\u00edda do ministro abre espa\u00e7o para uma importante recomposi\u00e7\u00e3o pol\u00edtica no cen\u00e1rio de Bras\u00edlia, enquanto os desdobramentos da escolha do novo integrante do Tribunal de Contas seguem em ritmo acelerado no Congresso Nacional.<\/p>\n<p>Por Reda\u00e7\u00e3o Acontece<\/p>\n<p>Foto: Nina Quintana\/Metr\u00f3poles @ninaquintana<\/p>\n","protected":false},"excerpt":{"rendered":"<p>O ministro Bruno Dantas oficializou nesta segunda-feira (31\/8) a sua ren\u00fancia ao cargo no Tribunal de Contas da Uni\u00e3o (TCU), justificando a decis\u00e3o pela busca de novos horizontes profissionais e a necessidade de atuar em projetos estrat\u00e9gicos de interesse nacional. A decis\u00e3o e o futuro profissional Em carta oficial, Dantas destacou que encerra sua trajet\u00f3ria [&hellip;]<\/p>\n","protected":false},"author":0,"featured_media":32543,"comment_status":"open","ping_status":"open","sticky":false,"template":"","format":"standard","meta":{"footnotes":""},"categories":[6],"tags":[],"class_list":["post-32538","post","type-post","status-publish","format-standard","has-post-thumbnail","hentry","category-mercosul"],"_links":{"self":[{"href":"https:\/\/acontecenafronteira.com.br\/index.php\/wp-json\/wp\/v2\/posts\/32538","targetHints":{"allow":["GET"]}}],"collection":[{"href":"https:\/\/acontecenafronteira.com.br\/index.php\/wp-json\/wp\/v2\/posts"}],"about":[{"href":"https:\/\/acontecenafronteira.com.br\/index.php\/wp-json\/wp\/v2\/types\/post"}],"replies":[{"embeddable":true,"href":"https:\/\/acontecenafronteira.com.br\/index.php\/wp-json\/wp\/v2\/comments?post=32538"}],"version-history":[{"count":1,"href":"https:\/\/acontecenafronteira.com.br\/index.php\/wp-json\/wp\/v2\/posts\/32538\/revisions"}],"predecessor-version":[{"id":32542,"href":"https:\/\/acontecenafronteira.com.br\/index.php\/wp-json\/wp\/v2\/posts\/32538\/revisions\/32542"}],"wp:featuredmedia":[{"embeddable":true,"href":"https:\/\/acontecenafronteira.com.br\/index.php\/wp-json\/wp\/v2\/media\/32543"}],"wp:attachment":[{"href":"https:\/\/acontecenafronteira.com.br\/index.php\/wp-json\/wp\/v2\/media?parent=32538"}],"wp:term":[{"taxonomy":"category","embeddable":true,"href":"https:\/\/acontecenafronteira.com.br\/index.php\/wp-json\/wp\/v2\/categories?post=32538"},{"taxonomy":"post_tag","embeddable":true,"href":"https:\/\/acontecenafronteira.com.br\/index.php\/wp-json\/wp\/v2\/tags?post=32538"}],"curies":[{"name":"wp","href":"https:\/\/api.w.org\/{rel}","templated":true}]}}