{"id":32529,"date":"2026-08-31T13:36:51","date_gmt":"2026-08-31T16:36:51","guid":{"rendered":"https:\/\/acontecenafronteira.com.br\/?p=32529"},"modified":"2026-08-31T13:36:51","modified_gmt":"2026-08-31T16:36:51","slug":"o-decreto-de-getulio-vargas-que-enviou-olga-prestes-para-hitler","status":"publish","type":"post","link":"https:\/\/acontecenafronteira.com.br\/index.php\/2026\/08\/31\/o-decreto-de-getulio-vargas-que-enviou-olga-prestes-para-hitler\/","title":{"rendered":"O decreto de Get\u00falio Vargas que enviou Olga Prestes para Hitler"},"content":{"rendered":"<p>H\u00e1 noventa anos, o governo brasileiro tomava uma decis\u00e3o que selaria o tr\u00e1gico destino de uma das maiores militantes comunistas do s\u00e9culo XX. O ent\u00e3o presidente Get\u00falio Vargas assinava o decreto que expulsava <b>Olga Ben\u00e1rio Prestes<\/b> do pa\u00eds, entregando-a diretamente ao regime de <b>Adolf Hitler<\/b> na Alemanha nazista.<\/p>\n<h2>A pris\u00e3o no Rio de Janeiro e o cerco do governo<\/h2>\n<p>Em mar\u00e7o de 1936, uma opera\u00e7\u00e3o policial de grande escala na Zona Norte do Rio de Janeiro culminou na captura de Olga e de seu marido, o l\u00edder comunista <b>Luiz Carlos Prestes<\/b>. Mesmo sabendo que a ativista era judia, estava gr\u00e1vida e sofria persegui\u00e7\u00f5es severas sob o regime germ\u00e2nico \u2014 intensificadas pelas rec\u00e9m-editadas Leis de Nuremberg \u2014, o governo brasileiro ignorou os apelos da defesa. Nem mesmo a negativa do Supremo Tribunal Federal em conceder habeas corpus impediu a medida dr\u00e1stica.<\/p>\n<h2>De Munique \u00e0 milit\u00e2ncia internacional<\/h2>\n<p>Nascida em Munique, Olga integrou muito jovem os movimentos de esquerda na Alemanha. Ap\u00f3s planejar a audaciosa fuga de seu primeiro companheiro, Otto Braun, da pris\u00e3o de Moabit, ela refugiou-se na Uni\u00e3o Sovi\u00e9tica. L\u00e1, destacou-se pela intelig\u00eancia, disciplina rigorosa e preparo militar. Em 1931, conheceu Prestes em Moscou, aceitando a miss\u00e3o de retornar ao Brasil com documentos falsos para articular uma revolta armada contra as estruturas de poder da \u00e9poca.<\/p>\n<p>Ap\u00f3s o fracasso da chamada Intentona Comunista e a subsequente repress\u00e3o comandada por Vargas, o casal refugiou-se na clandestinidade. Foram meses de fuga at\u00e9 serem descobertos pelas for\u00e7as de seguran\u00e7a no bairro do Cachambi, marcando o in\u00edcio do fim para a militante alem\u00e3.<\/p>\n<h2>O desfecho tr\u00e1gico e o legado de resist\u00eancia<\/h2>\n<p>Deportada de navio no final de 1936, Olga deu \u00e0 luz sua filha, Anita Leoc\u00e1dia Prestes, em um c\u00e1rcere da Gestapo. A crian\u00e7a foi entregue \u00e0 av\u00f3 materna ap\u00f3s alguns meses, enquanto a m\u00e3e foi transferida para o campo de concentra\u00e7\u00e3o de Ravensbr\u00fcck. Em abril de 1942, ela foi assassinada em uma c\u00e2mara de g\u00e1s. Anos mais tarde, sua trajet\u00f3ria inspirou livros e produ\u00e7\u00f5es cinematogr\u00e1ficas de enorme alcance nacional, imortalizando sua coragem diante da barb\u00e1rie nazista.<\/p>\n<p>Por Reda\u00e7\u00e3o Acontece<\/p>\n<p>Arquivo Hist\u00f3rico \/ Dom\u00ednio P\u00fablico<\/p>\n","protected":false},"excerpt":{"rendered":"<p>H\u00e1 noventa anos, o governo brasileiro tomava uma decis\u00e3o que selaria o tr\u00e1gico destino de uma das maiores militantes comunistas do s\u00e9culo XX. O ent\u00e3o presidente Get\u00falio Vargas assinava o decreto que expulsava Olga Ben\u00e1rio Prestes do pa\u00eds, entregando-a diretamente ao regime de Adolf Hitler na Alemanha nazista. A pris\u00e3o no Rio de Janeiro e [&hellip;]<\/p>\n","protected":false},"author":0,"featured_media":32537,"comment_status":"open","ping_status":"open","sticky":false,"template":"","format":"standard","meta":{"footnotes":""},"categories":[28],"tags":[],"class_list":["post-32529","post","type-post","status-publish","format-standard","has-post-thumbnail","hentry","category-mundo"],"_links":{"self":[{"href":"https:\/\/acontecenafronteira.com.br\/index.php\/wp-json\/wp\/v2\/posts\/32529","targetHints":{"allow":["GET"]}}],"collection":[{"href":"https:\/\/acontecenafronteira.com.br\/index.php\/wp-json\/wp\/v2\/posts"}],"about":[{"href":"https:\/\/acontecenafronteira.com.br\/index.php\/wp-json\/wp\/v2\/types\/post"}],"replies":[{"embeddable":true,"href":"https:\/\/acontecenafronteira.com.br\/index.php\/wp-json\/wp\/v2\/comments?post=32529"}],"version-history":[{"count":1,"href":"https:\/\/acontecenafronteira.com.br\/index.php\/wp-json\/wp\/v2\/posts\/32529\/revisions"}],"predecessor-version":[{"id":32536,"href":"https:\/\/acontecenafronteira.com.br\/index.php\/wp-json\/wp\/v2\/posts\/32529\/revisions\/32536"}],"wp:featuredmedia":[{"embeddable":true,"href":"https:\/\/acontecenafronteira.com.br\/index.php\/wp-json\/wp\/v2\/media\/32537"}],"wp:attachment":[{"href":"https:\/\/acontecenafronteira.com.br\/index.php\/wp-json\/wp\/v2\/media?parent=32529"}],"wp:term":[{"taxonomy":"category","embeddable":true,"href":"https:\/\/acontecenafronteira.com.br\/index.php\/wp-json\/wp\/v2\/categories?post=32529"},{"taxonomy":"post_tag","embeddable":true,"href":"https:\/\/acontecenafronteira.com.br\/index.php\/wp-json\/wp\/v2\/tags?post=32529"}],"curies":[{"name":"wp","href":"https:\/\/api.w.org\/{rel}","templated":true}]}}