{"id":32527,"date":"2026-08-31T13:36:36","date_gmt":"2026-08-31T16:36:36","guid":{"rendered":"https:\/\/acontecenafronteira.com.br\/?p=32527"},"modified":"2026-08-31T13:36:36","modified_gmt":"2026-08-31T16:36:36","slug":"maria-guilhermina-filha-de-cazarre-vai-para-o-cti-por-cardiopatia","status":"publish","type":"post","link":"https:\/\/acontecenafronteira.com.br\/index.php\/2026\/08\/31\/maria-guilhermina-filha-de-cazarre-vai-para-o-cti-por-cardiopatia\/","title":{"rendered":"Maria Guilhermina, filha de Cazarr\u00e9, vai para o CTI por cardiopatia"},"content":{"rendered":"<p>A pequena Maria Guilhermina, de 4 anos e filha do ator Juliano Cazarr\u00e9, precisou ser internada no Centro de Terapia Intensiva neste domingo. Nascida em junho de 2022 com uma <strong>cardiopatia cong\u00eanita<\/strong> rara, a menina j\u00e1 passou por diversos procedimentos m\u00e9dicos ao longo de sua vida devido \u00e0s sequelas da <strong>anomalia de Ebstein<\/strong>.<\/p>\n<h2>Atualiza\u00e7\u00e3o sobre o estado de sa\u00fade<\/h2>\n<p>A m\u00e3e da crian\u00e7a usou as redes sociais para atualizar os seguidores sobre a interna\u00e7\u00e3o e solicitou correntes de ora\u00e7\u00e3o pela recupera\u00e7\u00e3o da filha. Embora a menina esteja em condi\u00e7\u00e3o est\u00e1vel, ela necessita de exames e suporte m\u00e9dico constante no hospital.<\/p>\n<p>A interna\u00e7\u00e3o ocorreu de forma inesperada ap\u00f3s quatro dias de mal-estar na rotina familiar. A fam\u00edlia permanece no ambiente hospitalar sem previs\u00e3o exata de alta, aguardando a evolu\u00e7\u00e3o do quadro cl\u00ednico.<\/p>\n<h2>O que \u00e9 a anomalia de Ebstein<\/h2>\n<p>Trata-se de uma malforma\u00e7\u00e3o rara que afeta a v\u00e1lvula tric\u00faspide, estrutura respons\u00e1vel por dividir o \u00e1trio direito e o ventr\u00edculo direito. Na condi\u00e7\u00e3o, essa passagem fica posicionada de maneira incorreta no interior do ventr\u00edculo, o que provoca o aumento do \u00e1trio e compromete o fluxo sangu\u00edneo.<\/p>\n<p>Pacientes com esse diagn\u00f3stico tamb\u00e9m podem apresentar aberturas entre as c\u00e2maras card\u00edacas, como o forame oval patente, o que pode resultar em queda na oxigena\u00e7\u00e3o do sangue e colora\u00e7\u00e3o azulada na pele, al\u00e9m de quadros de <strong>insufici\u00eancia card\u00edaca<\/strong> e arritmias.<\/p>\n<h2>Causas e diagn\u00f3stico<\/h2>\n<p>A medicina ainda n\u00e3o estabeleceu uma causa \u00fanica para o problema, embora exista a suspeita de influ\u00eancia de fatores gen\u00e9ticos e ambientais, al\u00e9m do uso de f\u00e1rmacos espec\u00edficos durante a gesta\u00e7\u00e3o. A detec\u00e7\u00e3o pode ocorrer ainda na fase gestacional por meio de exames de ultrassom e ecocardiograma fetal.<\/p>\n<p>O manejo da doen\u00e7a \u00e9 predominantemente cir\u00fargico, visando a repara\u00e7\u00e3o ou a substitui\u00e7\u00e3o da v\u00e1lvula afetada para restabelecer o funcionamento adequado do \u00f3rg\u00e3o.<\/p>\n<p>Por Reda\u00e7\u00e3o Acontece<\/p>\n<p>Foto: Reprodu\u00e7\u00e3o\/Redes Sociais<\/p>\n","protected":false},"excerpt":{"rendered":"<p>A pequena Maria Guilhermina, de 4 anos e filha do ator Juliano Cazarr\u00e9, precisou ser internada no Centro de Terapia Intensiva neste domingo. Nascida em junho de 2022 com uma cardiopatia cong\u00eanita rara, a menina j\u00e1 passou por diversos procedimentos m\u00e9dicos ao longo de sua vida devido \u00e0s sequelas da anomalia de Ebstein. Atualiza\u00e7\u00e3o sobre [&hellip;]<\/p>\n","protected":false},"author":0,"featured_media":32533,"comment_status":"open","ping_status":"open","sticky":false,"template":"","format":"standard","meta":{"footnotes":""},"categories":[28],"tags":[],"class_list":["post-32527","post","type-post","status-publish","format-standard","has-post-thumbnail","hentry","category-mundo"],"_links":{"self":[{"href":"https:\/\/acontecenafronteira.com.br\/index.php\/wp-json\/wp\/v2\/posts\/32527","targetHints":{"allow":["GET"]}}],"collection":[{"href":"https:\/\/acontecenafronteira.com.br\/index.php\/wp-json\/wp\/v2\/posts"}],"about":[{"href":"https:\/\/acontecenafronteira.com.br\/index.php\/wp-json\/wp\/v2\/types\/post"}],"replies":[{"embeddable":true,"href":"https:\/\/acontecenafronteira.com.br\/index.php\/wp-json\/wp\/v2\/comments?post=32527"}],"version-history":[{"count":1,"href":"https:\/\/acontecenafronteira.com.br\/index.php\/wp-json\/wp\/v2\/posts\/32527\/revisions"}],"predecessor-version":[{"id":32532,"href":"https:\/\/acontecenafronteira.com.br\/index.php\/wp-json\/wp\/v2\/posts\/32527\/revisions\/32532"}],"wp:featuredmedia":[{"embeddable":true,"href":"https:\/\/acontecenafronteira.com.br\/index.php\/wp-json\/wp\/v2\/media\/32533"}],"wp:attachment":[{"href":"https:\/\/acontecenafronteira.com.br\/index.php\/wp-json\/wp\/v2\/media?parent=32527"}],"wp:term":[{"taxonomy":"category","embeddable":true,"href":"https:\/\/acontecenafronteira.com.br\/index.php\/wp-json\/wp\/v2\/categories?post=32527"},{"taxonomy":"post_tag","embeddable":true,"href":"https:\/\/acontecenafronteira.com.br\/index.php\/wp-json\/wp\/v2\/tags?post=32527"}],"curies":[{"name":"wp","href":"https:\/\/api.w.org\/{rel}","templated":true}]}}