{"id":32526,"date":"2026-08-31T13:36:31","date_gmt":"2026-08-31T16:36:31","guid":{"rendered":"https:\/\/acontecenafronteira.com.br\/?p=32526"},"modified":"2026-08-31T13:36:31","modified_gmt":"2026-08-31T16:36:31","slug":"bruno-duarte-avisa-no-vasco-quero-media-de-um-gol-por-jogo","status":"publish","type":"post","link":"https:\/\/acontecenafronteira.com.br\/index.php\/2026\/08\/31\/bruno-duarte-avisa-no-vasco-quero-media-de-um-gol-por-jogo\/","title":{"rendered":"Bruno Duarte avisa no Vasco: quero m\u00e9dia de um gol por jogo"},"content":{"rendered":"<p>O centroavante Bruno Duarte foi apresentado oficialmente pelo Vasco nesta segunda-feira (2), no CT Moacyr Barbosa, na zona oeste carioca, e j\u00e1 chegou impondo respeito com uma meta ousada para sua passagem pelo clube carioca.<\/p>\n<h2>A ambi\u00e7\u00e3o do novo artilheiro vasca\u00edno<\/h2>\n<p>O atleta de 30 anos n\u00e3o escondeu a confian\u00e7a em sua capacidade de finaliza\u00e7\u00e3o e cravou que seu principal objetivo em campo \u00e9 balan\u00e7ar as redes com muita frequ\u00eancia vestindo a camisa cruz-maltina.<\/p>\n<p>Durante a coletiva de imprensa, o jogador afirmou que sua meta pessoal \u00e9 conseguir deixar <strong>ao menos um gol por partida<\/strong>, mostrando o perfil aguerrido que a torcida tanto espera de um camisa nove.<\/p>\n<h2>Versatilidade no ataque e pol\u00eamica nos bastidores<\/h2>\n<p>A chegada do refor\u00e7o ao clube foi um pouco ofuscada por acontecimentos extracampo envolvendo o atacante David, investigado em uma opera\u00e7\u00e3o policial recente que mira uma organiza\u00e7\u00e3o criminosa de atua\u00e7\u00e3o interestadual.<\/p>\n<p>Questionado sobre a possibilidade de desfalque do companheiro de equipe, Bruno destacou sua <strong>polival\u00eancia ofensiva<\/strong>, ressaltando que consegue atuar em v\u00e1rias fun\u00e7\u00f5es do setor para suprir necessidades do time.<\/p>\n<p>O atleta acumulou uma marca expressiva de 42 gols e 14 assist\u00eancias em 97 partidas durante suas \u00faltimas tr\u00eas temporadas defendendo o Estrela Vermelha, na S\u00e9rvia, onde atuou em diferentes posi\u00e7\u00f5es ofensivas.<\/p>\n<p>Com o novo refor\u00e7o regularizado, o plantel vasca\u00edno se prepara para o pr\u00f3ximo compromisso oficial, marcado para esta quarta-feira, v\u00e1lido pela partida de volta das quartas de final da <strong>Copa do Brasil<\/strong> contra o Vit\u00f3ria.<\/p>\n<p>Por Reda\u00e7\u00e3o Acontece<\/p>\n<p>Cr\u00e9ditos da imagem: Divulga\u00e7\u00e3o \/ Vasco da Gama<\/p>\n","protected":false},"excerpt":{"rendered":"<p>O centroavante Bruno Duarte foi apresentado oficialmente pelo Vasco nesta segunda-feira (2), no CT Moacyr Barbosa, na zona oeste carioca, e j\u00e1 chegou impondo respeito com uma meta ousada para sua passagem pelo clube carioca. A ambi\u00e7\u00e3o do novo artilheiro vasca\u00edno O atleta de 30 anos n\u00e3o escondeu a confian\u00e7a em sua capacidade de finaliza\u00e7\u00e3o [&hellip;]<\/p>\n","protected":false},"author":0,"featured_media":32531,"comment_status":"open","ping_status":"open","sticky":false,"template":"","format":"standard","meta":{"footnotes":""},"categories":[28],"tags":[],"class_list":["post-32526","post","type-post","status-publish","format-standard","has-post-thumbnail","hentry","category-mundo"],"_links":{"self":[{"href":"https:\/\/acontecenafronteira.com.br\/index.php\/wp-json\/wp\/v2\/posts\/32526","targetHints":{"allow":["GET"]}}],"collection":[{"href":"https:\/\/acontecenafronteira.com.br\/index.php\/wp-json\/wp\/v2\/posts"}],"about":[{"href":"https:\/\/acontecenafronteira.com.br\/index.php\/wp-json\/wp\/v2\/types\/post"}],"replies":[{"embeddable":true,"href":"https:\/\/acontecenafronteira.com.br\/index.php\/wp-json\/wp\/v2\/comments?post=32526"}],"version-history":[{"count":1,"href":"https:\/\/acontecenafronteira.com.br\/index.php\/wp-json\/wp\/v2\/posts\/32526\/revisions"}],"predecessor-version":[{"id":32530,"href":"https:\/\/acontecenafronteira.com.br\/index.php\/wp-json\/wp\/v2\/posts\/32526\/revisions\/32530"}],"wp:featuredmedia":[{"embeddable":true,"href":"https:\/\/acontecenafronteira.com.br\/index.php\/wp-json\/wp\/v2\/media\/32531"}],"wp:attachment":[{"href":"https:\/\/acontecenafronteira.com.br\/index.php\/wp-json\/wp\/v2\/media?parent=32526"}],"wp:term":[{"taxonomy":"category","embeddable":true,"href":"https:\/\/acontecenafronteira.com.br\/index.php\/wp-json\/wp\/v2\/categories?post=32526"},{"taxonomy":"post_tag","embeddable":true,"href":"https:\/\/acontecenafronteira.com.br\/index.php\/wp-json\/wp\/v2\/tags?post=32526"}],"curies":[{"name":"wp","href":"https:\/\/api.w.org\/{rel}","templated":true}]}}