{"id":32519,"date":"2026-08-31T13:36:19","date_gmt":"2026-08-31T16:36:19","guid":{"rendered":"https:\/\/acontecenafronteira.com.br\/?p=32519"},"modified":"2026-08-31T13:36:19","modified_gmt":"2026-08-31T16:36:19","slug":"bruno-dantas-deixa-tcu-e-abre-vaga-para-pacheco","status":"publish","type":"post","link":"https:\/\/acontecenafronteira.com.br\/index.php\/2026\/08\/31\/bruno-dantas-deixa-tcu-e-abre-vaga-para-pacheco\/","title":{"rendered":"Bruno Dantas deixa TCU e abre vaga para Pacheco"},"content":{"rendered":"<p>O ministro Bruno Dantas oficializou nesta segunda-feira (31) a sua decis\u00e3o de deixar o cargo no Tribunal de Contas da Uni\u00e3o (TCU). A ren\u00fancia foi comunicada por meio de um of\u00edcio enviado \u00e0 presid\u00eancia da institui\u00e7\u00e3o, marcando uma importante reviravolta no cen\u00e1rio pol\u00edtico e institucional de Bras\u00edlia.<\/p>\n<h2>Movimenta\u00e7\u00e3o pol\u00edtica e novos rumos<\/h2>\n<p>A sa\u00edda de Dantas do tribunal federal cria um cen\u00e1rio favor\u00e1vel para o avan\u00e7o de novas articula\u00e7\u00f5es no setor p\u00fablico. Com a abertura da cadeira de ministro, intensificam-se os rumores e as negocia\u00e7\u00f5es nos bastidores de que o presidente do Senado, Rodrigo Pacheco, possa ser indicado para assumir a fun\u00e7\u00e3o.<\/p>\n<h3>Expectativas em Bras\u00edlia<\/h3>\n<p>Analistas pol\u00edticos apontam que a movimenta\u00e7\u00e3o faz parte de um acordo mais amplo entre os poderes da Rep\u00fablica. O nome de Pacheco vinha sendo cotado para ocupar posi\u00e7\u00f5es de destaque ap\u00f3s o encerramento de sua gest\u00e3o \u00e0 frente da casa legislativa, tornando o TCU um destino natural para o parlamentar.<\/p>\n<h2>Pr\u00f3ximos passos da transi\u00e7\u00e3o<\/h2>\n<p>A formaliza\u00e7\u00e3o da sa\u00edda de Bruno Dantas agora abre caminho para que o Poder Executivo inicie o processo de escolha e encaminhe o novo nome para a devida sabatina e aprova\u00e7\u00e3o no Congresso Nacional. A mudan\u00e7a promete movimentar o tabuleiro pol\u00edtico nas pr\u00f3ximas semanas.<\/p>\n<p>Por Reda\u00e7\u00e3o Acontece<\/p>\n<p>Cr\u00e9ditos da imagem: Divulga\u00e7\u00e3o\/TCU<\/p>\n","protected":false},"excerpt":{"rendered":"<p>O ministro Bruno Dantas oficializou nesta segunda-feira (31) a sua decis\u00e3o de deixar o cargo no Tribunal de Contas da Uni\u00e3o (TCU). A ren\u00fancia foi comunicada por meio de um of\u00edcio enviado \u00e0 presid\u00eancia da institui\u00e7\u00e3o, marcando uma importante reviravolta no cen\u00e1rio pol\u00edtico e institucional de Bras\u00edlia. Movimenta\u00e7\u00e3o pol\u00edtica e novos rumos A sa\u00edda de [&hellip;]<\/p>\n","protected":false},"author":0,"featured_media":32525,"comment_status":"open","ping_status":"open","sticky":false,"template":"","format":"standard","meta":{"footnotes":""},"categories":[18],"tags":[],"class_list":["post-32519","post","type-post","status-publish","format-standard","has-post-thumbnail","hentry","category-parana"],"_links":{"self":[{"href":"https:\/\/acontecenafronteira.com.br\/index.php\/wp-json\/wp\/v2\/posts\/32519","targetHints":{"allow":["GET"]}}],"collection":[{"href":"https:\/\/acontecenafronteira.com.br\/index.php\/wp-json\/wp\/v2\/posts"}],"about":[{"href":"https:\/\/acontecenafronteira.com.br\/index.php\/wp-json\/wp\/v2\/types\/post"}],"replies":[{"embeddable":true,"href":"https:\/\/acontecenafronteira.com.br\/index.php\/wp-json\/wp\/v2\/comments?post=32519"}],"version-history":[{"count":1,"href":"https:\/\/acontecenafronteira.com.br\/index.php\/wp-json\/wp\/v2\/posts\/32519\/revisions"}],"predecessor-version":[{"id":32524,"href":"https:\/\/acontecenafronteira.com.br\/index.php\/wp-json\/wp\/v2\/posts\/32519\/revisions\/32524"}],"wp:featuredmedia":[{"embeddable":true,"href":"https:\/\/acontecenafronteira.com.br\/index.php\/wp-json\/wp\/v2\/media\/32525"}],"wp:attachment":[{"href":"https:\/\/acontecenafronteira.com.br\/index.php\/wp-json\/wp\/v2\/media?parent=32519"}],"wp:term":[{"taxonomy":"category","embeddable":true,"href":"https:\/\/acontecenafronteira.com.br\/index.php\/wp-json\/wp\/v2\/categories?post=32519"},{"taxonomy":"post_tag","embeddable":true,"href":"https:\/\/acontecenafronteira.com.br\/index.php\/wp-json\/wp\/v2\/tags?post=32519"}],"curies":[{"name":"wp","href":"https:\/\/api.w.org\/{rel}","templated":true}]}}