{"id":32518,"date":"2026-08-31T13:36:16","date_gmt":"2026-08-31T16:36:16","guid":{"rendered":"https:\/\/acontecenafronteira.com.br\/?p=32518"},"modified":"2026-08-31T13:36:16","modified_gmt":"2026-08-31T16:36:16","slug":"policia-faz-busca-no-macuco-safari-apos-morte-de-turista","status":"publish","type":"post","link":"https:\/\/acontecenafronteira.com.br\/index.php\/2026\/08\/31\/policia-faz-busca-no-macuco-safari-apos-morte-de-turista\/","title":{"rendered":"Pol\u00edcia faz busca no Macuco Safari ap\u00f3s morte de turista"},"content":{"rendered":"<p>A Pol\u00edcia Civil realizou na manh\u00e3 desta segunda-feira (31) uma opera\u00e7\u00e3o de busca e apreens\u00e3o na base administrativa do <strong>Macuco Safari<\/strong>, atra\u00e7\u00e3o tur\u00edstica situada no interior do Parque Nacional do Igua\u00e7u, em Foz do Igua\u00e7u. A a\u00e7\u00e3o faz parte do inqu\u00e9rito policial instaurado para esclarecer as circunst\u00e2ncias da morte de um visitante no local.<\/p>\n<h2>Avan\u00e7o nas investiga\u00e7\u00f5es policiais<\/h2>\n<p>O cumprimento do mandado judicial tem como meta principal recolher documentos, registros e <strong>provas materiais<\/strong> que possam esclarecer os fatos que resultaram no \u00f3bito do turista. Os investigadores buscam entender se houve falha nos protocolos de seguran\u00e7a ou qualquer tipo de neglig\u00eancia por parte dos respons\u00e1veis pelo passeio n\u00e1utico.<\/p>\n<h2>Impacto no principal ponto tur\u00edstico<\/h2>\n<p>O <strong>Parque Nacional do Igua\u00e7u<\/strong> abriga uma das paisagens mais visitadas do Brasil, e o Macuco Safari \u00e9 amplamente conhecido pelos tradicionais passeios de barco sob as Cataratas. O andamento do processo \u00e9 acompanhado de perto pela sociedade e pelo setor de turismo da regi\u00e3o, que aguardam esclarecimentos definitivos sobre o caso.<\/p>\n<h2>Pr\u00f3ximos passos do inqu\u00e9rito<\/h2>\n<p>Com o material recolhido pelos agentes de seguran\u00e7a, a <strong>per\u00edcia t\u00e9cnica<\/strong> analisar\u00e1 todos os itens para confrontar depoimentos e laudos anteriores. A delegacia respons\u00e1vel pelo caso informou que novas oitivas devem ocorrer nas pr\u00f3ximas semanas para fechar o inqu\u00e9rito e definir poss\u00edveis responsabilidades criminais.<\/p>\n<p>A expectativa da corpora\u00e7\u00e3o \u00e9 concluir a apura\u00e7\u00e3o com o laudo pericial definitivo, garantindo transpar\u00eancia na apura\u00e7\u00e3o dos fatos que envolveram o acidente fatal na unidade de conserva\u00e7\u00e3o federal.<\/p>\n<p>Por Reda\u00e7\u00e3o Acontece<\/p>\n<p>Cr\u00e9ditos da imagem: Divulga\u00e7\u00e3o \/ Pol\u00edcia Civil<\/p>\n","protected":false},"excerpt":{"rendered":"<p>A Pol\u00edcia Civil realizou na manh\u00e3 desta segunda-feira (31) uma opera\u00e7\u00e3o de busca e apreens\u00e3o na base administrativa do Macuco Safari, atra\u00e7\u00e3o tur\u00edstica situada no interior do Parque Nacional do Igua\u00e7u, em Foz do Igua\u00e7u. A a\u00e7\u00e3o faz parte do inqu\u00e9rito policial instaurado para esclarecer as circunst\u00e2ncias da morte de um visitante no local. Avan\u00e7o [&hellip;]<\/p>\n","protected":false},"author":0,"featured_media":32523,"comment_status":"open","ping_status":"open","sticky":false,"template":"","format":"standard","meta":{"footnotes":""},"categories":[18],"tags":[],"class_list":["post-32518","post","type-post","status-publish","format-standard","has-post-thumbnail","hentry","category-parana"],"_links":{"self":[{"href":"https:\/\/acontecenafronteira.com.br\/index.php\/wp-json\/wp\/v2\/posts\/32518","targetHints":{"allow":["GET"]}}],"collection":[{"href":"https:\/\/acontecenafronteira.com.br\/index.php\/wp-json\/wp\/v2\/posts"}],"about":[{"href":"https:\/\/acontecenafronteira.com.br\/index.php\/wp-json\/wp\/v2\/types\/post"}],"replies":[{"embeddable":true,"href":"https:\/\/acontecenafronteira.com.br\/index.php\/wp-json\/wp\/v2\/comments?post=32518"}],"version-history":[{"count":1,"href":"https:\/\/acontecenafronteira.com.br\/index.php\/wp-json\/wp\/v2\/posts\/32518\/revisions"}],"predecessor-version":[{"id":32522,"href":"https:\/\/acontecenafronteira.com.br\/index.php\/wp-json\/wp\/v2\/posts\/32518\/revisions\/32522"}],"wp:featuredmedia":[{"embeddable":true,"href":"https:\/\/acontecenafronteira.com.br\/index.php\/wp-json\/wp\/v2\/media\/32523"}],"wp:attachment":[{"href":"https:\/\/acontecenafronteira.com.br\/index.php\/wp-json\/wp\/v2\/media?parent=32518"}],"wp:term":[{"taxonomy":"category","embeddable":true,"href":"https:\/\/acontecenafronteira.com.br\/index.php\/wp-json\/wp\/v2\/categories?post=32518"},{"taxonomy":"post_tag","embeddable":true,"href":"https:\/\/acontecenafronteira.com.br\/index.php\/wp-json\/wp\/v2\/tags?post=32518"}],"curies":[{"name":"wp","href":"https:\/\/api.w.org\/{rel}","templated":true}]}}