{"id":32510,"date":"2026-08-31T13:36:04","date_gmt":"2026-08-31T16:36:04","guid":{"rendered":"https:\/\/acontecenafronteira.com.br\/?p=32510"},"modified":"2026-08-31T13:36:04","modified_gmt":"2026-08-31T16:36:04","slug":"aviao-derrapa-e-sai-da-pista-em-aeroporto-no-parana","status":"publish","type":"post","link":"https:\/\/acontecenafronteira.com.br\/index.php\/2026\/08\/31\/aviao-derrapa-e-sai-da-pista-em-aeroporto-no-parana\/","title":{"rendered":"Avi\u00e3o derrapa e sai da pista em aeroporto no Paran\u00e1"},"content":{"rendered":"<p>Uma aeronave comercial transportando 151 pessoas ultrapassou os limites da pista durante o procedimento de aterrissagem no Aeroporto Regional de Cascavel, situado no Oeste paranaense, na manh\u00e3 desta segunda-feira (31). O ve\u00edculo derrapou em decorr\u00eancia das fortes chuvas que castigavam a localidade, terminando atolado em uma \u00e1rea lamacenta adjacente ao pavimento. Felizmente, n\u00e3o houve registro de feridos entre os ocupantes.<\/p>\n<h2>Detalhes do voo da Latam<\/h2>\n<p>O transporte, identificado como o voo LA3858 operado pela Latam Airlines, havia decolado do Aeroporto Internacional de Guarulhos, na Grande S\u00e3o Paulo. A bordo estavam 145 passageiros e uma tripula\u00e7\u00e3o composta por seis profissionais. Conforme os dados divulgados pela empresa a\u00e9rea, o contratempo ocorreu por volta das 9h45.<\/p>\n<h2>Aeroporto fechado e voos cancelados<\/h2>\n<p>Em virtude do ocorrido, a opera\u00e7\u00e3o de retorno para Guarulhos foi imediatamente cancelada. A companhia respons\u00e1vel comunicou que maquin\u00e1rio especializado ser\u00e1 enviado ao local para a remo\u00e7\u00e3o da aeronave, com previs\u00e3o de chegada estipulada para as 19h. Por essa raz\u00e3o, o terminal aeroportu\u00e1rio de Cascavel permanece sem condi\u00e7\u00f5es de receber pousos ou realizar decolagens.<\/p>\n<h2>Assist\u00eancia aos passageiros afetados<\/h2>\n<p>A empresa a\u00e9rea refor\u00e7ou que suporte integral est\u00e1 sendo fornecido aos passageiros e tripulantes envolvidos no epis\u00f3dio. Os clientes que tiveram o trajeto interrompido est\u00e3o sendo realocados e acomodados em voos partindo de Foz do Igua\u00e7u.<\/p>\n<p>As autoridades aeroportu\u00e1rias e a companhia seguem monitorando a situa\u00e7\u00e3o para normalizar o fluxo de viagens na regi\u00e3o assim que a aeronave for retirada da \u00e1rea de seguran\u00e7a.<\/p>\n<p>Por Reda\u00e7\u00e3o Acontece<\/p>\n<p>Foto: Divulga\u00e7\u00e3o<\/p>\n","protected":false},"excerpt":{"rendered":"<p>Uma aeronave comercial transportando 151 pessoas ultrapassou os limites da pista durante o procedimento de aterrissagem no Aeroporto Regional de Cascavel, situado no Oeste paranaense, na manh\u00e3 desta segunda-feira (31). O ve\u00edculo derrapou em decorr\u00eancia das fortes chuvas que castigavam a localidade, terminando atolado em uma \u00e1rea lamacenta adjacente ao pavimento. Felizmente, n\u00e3o houve registro [&hellip;]<\/p>\n","protected":false},"author":0,"featured_media":32514,"comment_status":"open","ping_status":"open","sticky":false,"template":"","format":"standard","meta":{"footnotes":""},"categories":[18],"tags":[],"class_list":["post-32510","post","type-post","status-publish","format-standard","has-post-thumbnail","hentry","category-parana"],"_links":{"self":[{"href":"https:\/\/acontecenafronteira.com.br\/index.php\/wp-json\/wp\/v2\/posts\/32510","targetHints":{"allow":["GET"]}}],"collection":[{"href":"https:\/\/acontecenafronteira.com.br\/index.php\/wp-json\/wp\/v2\/posts"}],"about":[{"href":"https:\/\/acontecenafronteira.com.br\/index.php\/wp-json\/wp\/v2\/types\/post"}],"replies":[{"embeddable":true,"href":"https:\/\/acontecenafronteira.com.br\/index.php\/wp-json\/wp\/v2\/comments?post=32510"}],"version-history":[{"count":1,"href":"https:\/\/acontecenafronteira.com.br\/index.php\/wp-json\/wp\/v2\/posts\/32510\/revisions"}],"predecessor-version":[{"id":32513,"href":"https:\/\/acontecenafronteira.com.br\/index.php\/wp-json\/wp\/v2\/posts\/32510\/revisions\/32513"}],"wp:featuredmedia":[{"embeddable":true,"href":"https:\/\/acontecenafronteira.com.br\/index.php\/wp-json\/wp\/v2\/media\/32514"}],"wp:attachment":[{"href":"https:\/\/acontecenafronteira.com.br\/index.php\/wp-json\/wp\/v2\/media?parent=32510"}],"wp:term":[{"taxonomy":"category","embeddable":true,"href":"https:\/\/acontecenafronteira.com.br\/index.php\/wp-json\/wp\/v2\/categories?post=32510"},{"taxonomy":"post_tag","embeddable":true,"href":"https:\/\/acontecenafronteira.com.br\/index.php\/wp-json\/wp\/v2\/tags?post=32510"}],"curies":[{"name":"wp","href":"https:\/\/api.w.org\/{rel}","templated":true}]}}