{"id":32493,"date":"2026-08-31T12:37:20","date_gmt":"2026-08-31T15:37:20","guid":{"rendered":"https:\/\/acontecenafronteira.com.br\/?p=32493"},"modified":"2026-08-31T12:37:20","modified_gmt":"2026-08-31T15:37:20","slug":"carlos-moraes-desmente-ratinho-e-explica-historia-da-variant","status":"publish","type":"post","link":"https:\/\/acontecenafronteira.com.br\/index.php\/2026\/08\/31\/carlos-moraes-desmente-ratinho-e-explica-historia-da-variant\/","title":{"rendered":"Carlos Moraes desmente Ratinho e explica hist\u00f3ria da Variant"},"content":{"rendered":"<p>O candidato a deputado federal <strong>Carlos Moraes<\/strong> utilizou suas redes sociais para rebater publicamente a vers\u00e3o contada pelo apresentador Ratinho a respeito de uma hist\u00f3rica Variant.<\/p>\n<h2>A contesta\u00e7\u00e3o nas redes sociais<\/h2>\n<p>Por meio de um v\u00eddeo publicado em seus canais oficiais, Moraes esclareceu os pontos que considera distorcidos na narrativa divulgada pelo comunicador, trazendo sua pr\u00f3pria perspectiva sobre o epis\u00f3dio envolvendo o ve\u00edculo cl\u00e1ssico.<\/p>\n<h2>Detalhes do caso da Variant<\/h2>\n<p>A pol\u00eamica ganhou repercuss\u00e3o ap\u00f3s o relato feito por Ratinho sobre o autom\u00f3vel. A resposta de Carlos Moraes busca esclarecer o contexto real dos acontecimentos, detalhando a verdadeira hist\u00f3ria por tr\u00e1s da posse e do destino da famosa Variant.<\/p>\n<p>O epis\u00f3dio gerou grande curiosidade entre os eleitores e seguidores de ambos, movimentando as redes sociais com diferentes vers\u00f5es sobre um passado que agora vem \u00e0 tona com novos esclarecimentos.<\/p>\n<p>A manifesta\u00e7\u00e3o p\u00fablica do candidato serve para alinhar os fatos e colocar um ponto final nas especula\u00e7\u00f5es que circulavam na internet sobre o caso envolvendo o apresentador e o carro.<\/p>\n<p>Por Reda\u00e7\u00e3o Acontece<\/p>\n<p>Cr\u00e9ditos da imagem: Reprodu\u00e7\u00e3o \/ Redes sociais<\/p>\n","protected":false},"excerpt":{"rendered":"<p>O candidato a deputado federal Carlos Moraes utilizou suas redes sociais para rebater publicamente a vers\u00e3o contada pelo apresentador Ratinho a respeito de uma hist\u00f3rica Variant. A contesta\u00e7\u00e3o nas redes sociais Por meio de um v\u00eddeo publicado em seus canais oficiais, Moraes esclareceu os pontos que considera distorcidos na narrativa divulgada pelo comunicador, trazendo sua [&hellip;]<\/p>\n","protected":false},"author":0,"featured_media":32501,"comment_status":"open","ping_status":"open","sticky":false,"template":"","format":"standard","meta":{"footnotes":""},"categories":[18],"tags":[],"class_list":["post-32493","post","type-post","status-publish","format-standard","has-post-thumbnail","hentry","category-parana"],"_links":{"self":[{"href":"https:\/\/acontecenafronteira.com.br\/index.php\/wp-json\/wp\/v2\/posts\/32493","targetHints":{"allow":["GET"]}}],"collection":[{"href":"https:\/\/acontecenafronteira.com.br\/index.php\/wp-json\/wp\/v2\/posts"}],"about":[{"href":"https:\/\/acontecenafronteira.com.br\/index.php\/wp-json\/wp\/v2\/types\/post"}],"replies":[{"embeddable":true,"href":"https:\/\/acontecenafronteira.com.br\/index.php\/wp-json\/wp\/v2\/comments?post=32493"}],"version-history":[{"count":1,"href":"https:\/\/acontecenafronteira.com.br\/index.php\/wp-json\/wp\/v2\/posts\/32493\/revisions"}],"predecessor-version":[{"id":32500,"href":"https:\/\/acontecenafronteira.com.br\/index.php\/wp-json\/wp\/v2\/posts\/32493\/revisions\/32500"}],"wp:featuredmedia":[{"embeddable":true,"href":"https:\/\/acontecenafronteira.com.br\/index.php\/wp-json\/wp\/v2\/media\/32501"}],"wp:attachment":[{"href":"https:\/\/acontecenafronteira.com.br\/index.php\/wp-json\/wp\/v2\/media?parent=32493"}],"wp:term":[{"taxonomy":"category","embeddable":true,"href":"https:\/\/acontecenafronteira.com.br\/index.php\/wp-json\/wp\/v2\/categories?post=32493"},{"taxonomy":"post_tag","embeddable":true,"href":"https:\/\/acontecenafronteira.com.br\/index.php\/wp-json\/wp\/v2\/tags?post=32493"}],"curies":[{"name":"wp","href":"https:\/\/api.w.org\/{rel}","templated":true}]}}