{"id":32492,"date":"2026-08-31T12:37:17","date_gmt":"2026-08-31T15:37:17","guid":{"rendered":"https:\/\/acontecenafronteira.com.br\/?p=32492"},"modified":"2026-08-31T12:37:17","modified_gmt":"2026-08-31T15:37:17","slug":"camara-de-cascavel-aprova-leis-para-cultura-e-saude","status":"publish","type":"post","link":"https:\/\/acontecenafronteira.com.br\/index.php\/2026\/08\/31\/camara-de-cascavel-aprova-leis-para-cultura-e-saude\/","title":{"rendered":"C\u00e2mara de Cascavel aprova leis para cultura e sa\u00fade"},"content":{"rendered":"<p>A C\u00e2mara Municipal de Cascavel aprovou uma s\u00e9rie de propostas legislativas voltadas para o fortalecimento da <b>cultura<\/b>, da <b>sa\u00fade<\/b> e de servi\u00e7os de <b>assist\u00eancia social<\/b> no munic\u00edpio, durante a sess\u00e3o realizada na \u00faltima segunda-feira (31).<\/p>\n<h2>Avan\u00e7os para a sa\u00fade e novos investimentos<\/h2>\n<p>Entre as principais pautas votadas pelos parlamentares, destacam-se medidas voltadas para a melhoria do atendimento \u00e0 popula\u00e7\u00e3o e repasses financeiros essenciais para a manuten\u00e7\u00e3o de servi\u00e7os p\u00fablicos na cidade.<\/p>\n<h2>Incentivo \u00e0 cultura e apoio social<\/h2>\n<p>O pacote legislativo tamb\u00e9m contemplou iniciativas culturais de relev\u00e2ncia regional, al\u00e9m de diretrizes para ampliar a rede de prote\u00e7\u00e3o e amparo \u00e0s fam\u00edlias em situa\u00e7\u00e3o de vulnerabilidade social no munic\u00edpio paranaense.<\/p>\n<p>As propostas agora seguem para os pr\u00f3ximos tr\u00e2mites legais e san\u00e7\u00e3o, prometendo impactar diretamente o desenvolvimento de Cascavel nos pr\u00f3ximos meses com foco no bem-estar comunit\u00e1rio.<\/p>\n<p>Por Reda\u00e7\u00e3o Acontece<\/p>\n<p>Cr\u00e9ditos da imagem: Divulga\u00e7\u00e3o \/ C\u00e2mara Municipal de Cascavel<\/p>\n","protected":false},"excerpt":{"rendered":"<p>A C\u00e2mara Municipal de Cascavel aprovou uma s\u00e9rie de propostas legislativas voltadas para o fortalecimento da cultura, da sa\u00fade e de servi\u00e7os de assist\u00eancia social no munic\u00edpio, durante a sess\u00e3o realizada na \u00faltima segunda-feira (31). Avan\u00e7os para a sa\u00fade e novos investimentos Entre as principais pautas votadas pelos parlamentares, destacam-se medidas voltadas para a melhoria [&hellip;]<\/p>\n","protected":false},"author":0,"featured_media":32499,"comment_status":"open","ping_status":"open","sticky":false,"template":"","format":"standard","meta":{"footnotes":""},"categories":[18],"tags":[],"class_list":["post-32492","post","type-post","status-publish","format-standard","has-post-thumbnail","hentry","category-parana"],"_links":{"self":[{"href":"https:\/\/acontecenafronteira.com.br\/index.php\/wp-json\/wp\/v2\/posts\/32492","targetHints":{"allow":["GET"]}}],"collection":[{"href":"https:\/\/acontecenafronteira.com.br\/index.php\/wp-json\/wp\/v2\/posts"}],"about":[{"href":"https:\/\/acontecenafronteira.com.br\/index.php\/wp-json\/wp\/v2\/types\/post"}],"replies":[{"embeddable":true,"href":"https:\/\/acontecenafronteira.com.br\/index.php\/wp-json\/wp\/v2\/comments?post=32492"}],"version-history":[{"count":1,"href":"https:\/\/acontecenafronteira.com.br\/index.php\/wp-json\/wp\/v2\/posts\/32492\/revisions"}],"predecessor-version":[{"id":32498,"href":"https:\/\/acontecenafronteira.com.br\/index.php\/wp-json\/wp\/v2\/posts\/32492\/revisions\/32498"}],"wp:featuredmedia":[{"embeddable":true,"href":"https:\/\/acontecenafronteira.com.br\/index.php\/wp-json\/wp\/v2\/media\/32499"}],"wp:attachment":[{"href":"https:\/\/acontecenafronteira.com.br\/index.php\/wp-json\/wp\/v2\/media?parent=32492"}],"wp:term":[{"taxonomy":"category","embeddable":true,"href":"https:\/\/acontecenafronteira.com.br\/index.php\/wp-json\/wp\/v2\/categories?post=32492"},{"taxonomy":"post_tag","embeddable":true,"href":"https:\/\/acontecenafronteira.com.br\/index.php\/wp-json\/wp\/v2\/tags?post=32492"}],"curies":[{"name":"wp","href":"https:\/\/api.w.org\/{rel}","templated":true}]}}