{"id":32491,"date":"2026-08-31T12:36:43","date_gmt":"2026-08-31T15:36:43","guid":{"rendered":"https:\/\/acontecenafronteira.com.br\/?p=32491"},"modified":"2026-08-31T12:36:43","modified_gmt":"2026-08-31T15:36:43","slug":"votacao-da-taxa-das-blusinhas-define-imposto-de-importacao","status":"publish","type":"post","link":"https:\/\/acontecenafronteira.com.br\/index.php\/2026\/08\/31\/votacao-da-taxa-das-blusinhas-define-imposto-de-importacao\/","title":{"rendered":"Vota\u00e7\u00e3o da Taxa das Blusinhas define imposto de importa\u00e7\u00e3o"},"content":{"rendered":"<p>A C\u00e2mara dos Deputados colocou na pauta desta segunda-feira (31) a vota\u00e7\u00e3o da medida provis\u00f3ria que institui a chamada <strong>taxa das blusinhas<\/strong>. O texto, enviado originalmente pelo Poder Executivo, tramita em regime de urg\u00eancia e promete alterar as regras para compras internacionais de pequeno valor.<\/p>\n<h2>Impacto nas compras internacionais<\/h2>\n<p>A proposta em discuss\u00e3o estabelece diretrizes tribut\u00e1rias espec\u00edficas para <strong>encomendas do exterior<\/strong>, modalidade muito utilizada por consumidores brasileiros em plataformas de com\u00e9rcio eletr\u00f4nico globais. A expectativa \u00e9 que a medida traga novas al\u00edquotas para produtos que antes entravam no pa\u00eds com isen\u00e7\u00f5es parciais ou facilidades alfandeg\u00e1rias.<\/p>\n<h2>Negocia\u00e7\u00f5es no Congresso<\/h2>\n<p>Lideran\u00e7as partid\u00e1rias mant\u00eam discuss\u00f5es intensas para consolidar o apoio necess\u00e1rio \u00e0 aprova\u00e7\u00e3o da mat\u00e9ria. O governo federal aposta na convers\u00e3o da <strong>medida provis\u00f3ria<\/strong> em lei para garantir arrecada\u00e7\u00e3o e equilibrar a concorr\u00eancia com o varejo nacional, enquanto parlamentares avaliam destaques e poss\u00edveis emendas ao texto principal.<\/p>\n<p>A sess\u00e3o plen\u00e1ria desta segunda-feira ser\u00e1 decisiva para definir o futuro da taxa\u00e7\u00e3o, que gerou amplo debate entre consumidores, empres\u00e1rios e representantes do setor de com\u00e9rcio eletr\u00f4nico em todo o territ\u00f3rio nacional.<\/p>\n<p>Por Reda\u00e7\u00e3o Acontece<\/p>\n<p>Cr\u00e9ditos da imagem: Divulga\u00e7\u00e3o \/ Ag\u00eancia C\u00e2mara<\/p>\n","protected":false},"excerpt":{"rendered":"<p>A C\u00e2mara dos Deputados colocou na pauta desta segunda-feira (31) a vota\u00e7\u00e3o da medida provis\u00f3ria que institui a chamada taxa das blusinhas. O texto, enviado originalmente pelo Poder Executivo, tramita em regime de urg\u00eancia e promete alterar as regras para compras internacionais de pequeno valor. Impacto nas compras internacionais A proposta em discuss\u00e3o estabelece diretrizes [&hellip;]<\/p>\n","protected":false},"author":0,"featured_media":32497,"comment_status":"open","ping_status":"open","sticky":false,"template":"","format":"standard","meta":{"footnotes":""},"categories":[18],"tags":[],"class_list":["post-32491","post","type-post","status-publish","format-standard","has-post-thumbnail","hentry","category-parana"],"_links":{"self":[{"href":"https:\/\/acontecenafronteira.com.br\/index.php\/wp-json\/wp\/v2\/posts\/32491","targetHints":{"allow":["GET"]}}],"collection":[{"href":"https:\/\/acontecenafronteira.com.br\/index.php\/wp-json\/wp\/v2\/posts"}],"about":[{"href":"https:\/\/acontecenafronteira.com.br\/index.php\/wp-json\/wp\/v2\/types\/post"}],"replies":[{"embeddable":true,"href":"https:\/\/acontecenafronteira.com.br\/index.php\/wp-json\/wp\/v2\/comments?post=32491"}],"version-history":[{"count":1,"href":"https:\/\/acontecenafronteira.com.br\/index.php\/wp-json\/wp\/v2\/posts\/32491\/revisions"}],"predecessor-version":[{"id":32496,"href":"https:\/\/acontecenafronteira.com.br\/index.php\/wp-json\/wp\/v2\/posts\/32491\/revisions\/32496"}],"wp:featuredmedia":[{"embeddable":true,"href":"https:\/\/acontecenafronteira.com.br\/index.php\/wp-json\/wp\/v2\/media\/32497"}],"wp:attachment":[{"href":"https:\/\/acontecenafronteira.com.br\/index.php\/wp-json\/wp\/v2\/media?parent=32491"}],"wp:term":[{"taxonomy":"category","embeddable":true,"href":"https:\/\/acontecenafronteira.com.br\/index.php\/wp-json\/wp\/v2\/categories?post=32491"},{"taxonomy":"post_tag","embeddable":true,"href":"https:\/\/acontecenafronteira.com.br\/index.php\/wp-json\/wp\/v2\/tags?post=32491"}],"curies":[{"name":"wp","href":"https:\/\/api.w.org\/{rel}","templated":true}]}}