{"id":32490,"date":"2026-08-31T12:36:39","date_gmt":"2026-08-31T15:36:39","guid":{"rendered":"https:\/\/acontecenafronteira.com.br\/?p=32490"},"modified":"2026-08-31T12:36:39","modified_gmt":"2026-08-31T15:36:39","slug":"pib-e-inflacao-mercado-reduz-projecoes-para-2026-no-focus","status":"publish","type":"post","link":"https:\/\/acontecenafronteira.com.br\/index.php\/2026\/08\/31\/pib-e-inflacao-mercado-reduz-projecoes-para-2026-no-focus\/","title":{"rendered":"PIB e infla\u00e7\u00e3o: mercado reduz proje\u00e7\u00f5es para 2026 no Focus"},"content":{"rendered":"<p>As proje\u00e7\u00f5es econ\u00f4micas para o Brasil sofreram novas altera\u00e7\u00f5es. O mercado financeiro revisou para baixo as estimativas oficiais de infla\u00e7\u00e3o e de crescimento do <strong>Produto Interno Bruto (PIB)<\/strong> para o ano de 2026, conforme dados revelados pelo <strong>Boletim Focus<\/strong>.<\/p>\n<h2>Novas proje\u00e7\u00f5es da economia brasileira<\/h2>\n<p>Essa altera\u00e7\u00e3o no cen\u00e1rio macroecon\u00f4mico reflete a cautela dos analistas econ\u00f4micos diante do atual momento financeiro do pa\u00eds. O levantamento semanal, que compila as expectativas de dezenas de institui\u00e7\u00f5es financeiras, indica ajustes modestos, mas significativos para o horizonte de m\u00e9dio prazo.<\/p>\n<h2>Impacto no Boletim Focus<\/h2>\n<p>A divulga\u00e7\u00e3o regular do relat\u00f3rio serve como term\u00f4metro essencial para investidores e para o pr\u00f3prio <strong>Banco Central<\/strong> na condu\u00e7\u00e3o da pol\u00edtica monet\u00e1ria. As expectativas atualizadas demonstram como o mercado recalcula rotineiramente as suas apostas diante das vari\u00e1veis fiscais e monet\u00e1rias.<\/p>\n<p>O documento detalha o comportamento esperado para os principais indicadores econ\u00f4micos nos pr\u00f3ximos anos, servindo de guia para o planejamento estrat\u00e9gico de empresas e do governo federal.<\/p>\n<p>Acompanhar a trajet\u00f3ria dessas estimativas \u00e9 fundamental para entender a din\u00e2mica de investimentos e o consumo interno no cen\u00e1rio nacional.<\/p>\n<p>Por Reda\u00e7\u00e3o Acontece<\/p>\n<p>Cr\u00e9ditos da imagem: Banco Central \/ Divulga\u00e7\u00e3o<\/p>\n","protected":false},"excerpt":{"rendered":"<p>As proje\u00e7\u00f5es econ\u00f4micas para o Brasil sofreram novas altera\u00e7\u00f5es. O mercado financeiro revisou para baixo as estimativas oficiais de infla\u00e7\u00e3o e de crescimento do Produto Interno Bruto (PIB) para o ano de 2026, conforme dados revelados pelo Boletim Focus. Novas proje\u00e7\u00f5es da economia brasileira Essa altera\u00e7\u00e3o no cen\u00e1rio macroecon\u00f4mico reflete a cautela dos analistas econ\u00f4micos [&hellip;]<\/p>\n","protected":false},"author":0,"featured_media":32495,"comment_status":"open","ping_status":"open","sticky":false,"template":"","format":"standard","meta":{"footnotes":""},"categories":[18],"tags":[],"class_list":["post-32490","post","type-post","status-publish","format-standard","has-post-thumbnail","hentry","category-parana"],"_links":{"self":[{"href":"https:\/\/acontecenafronteira.com.br\/index.php\/wp-json\/wp\/v2\/posts\/32490","targetHints":{"allow":["GET"]}}],"collection":[{"href":"https:\/\/acontecenafronteira.com.br\/index.php\/wp-json\/wp\/v2\/posts"}],"about":[{"href":"https:\/\/acontecenafronteira.com.br\/index.php\/wp-json\/wp\/v2\/types\/post"}],"replies":[{"embeddable":true,"href":"https:\/\/acontecenafronteira.com.br\/index.php\/wp-json\/wp\/v2\/comments?post=32490"}],"version-history":[{"count":1,"href":"https:\/\/acontecenafronteira.com.br\/index.php\/wp-json\/wp\/v2\/posts\/32490\/revisions"}],"predecessor-version":[{"id":32494,"href":"https:\/\/acontecenafronteira.com.br\/index.php\/wp-json\/wp\/v2\/posts\/32490\/revisions\/32494"}],"wp:featuredmedia":[{"embeddable":true,"href":"https:\/\/acontecenafronteira.com.br\/index.php\/wp-json\/wp\/v2\/media\/32495"}],"wp:attachment":[{"href":"https:\/\/acontecenafronteira.com.br\/index.php\/wp-json\/wp\/v2\/media?parent=32490"}],"wp:term":[{"taxonomy":"category","embeddable":true,"href":"https:\/\/acontecenafronteira.com.br\/index.php\/wp-json\/wp\/v2\/categories?post=32490"},{"taxonomy":"post_tag","embeddable":true,"href":"https:\/\/acontecenafronteira.com.br\/index.php\/wp-json\/wp\/v2\/tags?post=32490"}],"curies":[{"name":"wp","href":"https:\/\/api.w.org\/{rel}","templated":true}]}}