{"id":32472,"date":"2026-08-31T12:36:22","date_gmt":"2026-08-31T15:36:22","guid":{"rendered":"https:\/\/acontecenafronteira.com.br\/?p=32472"},"modified":"2026-08-31T12:36:22","modified_gmt":"2026-08-31T15:36:22","slug":"aviao-da-latam-sai-da-pista-e-atola-na-lama-no-parana","status":"publish","type":"post","link":"https:\/\/acontecenafronteira.com.br\/index.php\/2026\/08\/31\/aviao-da-latam-sai-da-pista-e-atola-na-lama-no-parana\/","title":{"rendered":"Avi\u00e3o da Latam sai da pista e atola na lama no Paran\u00e1"},"content":{"rendered":"<p>Uma aeronave da companhia a\u00e9rea Latam, transportando 151 pessoas, acabou saindo da pista durante o procedimento de pouso no Aeroporto Regional de Cascavel, localizado no Oeste paranaense, na manh\u00e3 desta segunda-feira (31). O incidente ocorreu por volta das 9h45, sob condi\u00e7\u00f5es de chuva na regi\u00e3o, fazendo com que o avi\u00e3o parasse atolado em uma \u00e1rea de lama nas margens do pavimento. Felizmente, nenhum passageiro ou tripulante ficou ferido.<\/p>\n<h2>Detalhes do voo e condi\u00e7\u00f5es clim\u00e1ticas<\/h2>\n<p>O voo de n\u00famero LA3858 havia decolado do Aeroporto Internacional de Guarulhos, em S\u00e3o Paulo, tendo como destino final o munic\u00edpio paranaense. Ao todo, a opera\u00e7\u00e3o contabilizava 145 passageiros a bordo, al\u00e9m de seis tripulantes. Relat\u00f3rios preliminares indicam que chovia forte no momento da aterrissagem, fator que pode ter contribu\u00eddo para que o avi\u00e3o ultrapassasse o limite seguro da pista.<\/p>\n<h2>Impacto nas opera\u00e7\u00f5es do aeroporto<\/h2>\n<p>Com a aeronave imobilizada na lama, a administra\u00e7\u00e3o local precisou interromper todas as atividades no terminal. O Aeroporto Regional de Cascavel permanece totalmente fechado para pousos e decolagens por motivos de seguran\u00e7a, sem previs\u00e3o imediata de reabertura at\u00e9 que a pista seja liberada.<\/p>\n<h2>Provid\u00eancias da companhia a\u00e9rea<\/h2>\n<p>Diante do ocorrido, a Latam cancelou o voo de retorno que ligaria Cascavel novamente a Guarulhos. Em nota oficial, a empresa destacou que os viajantes afetados est\u00e3o recebendo suporte e sendo reacomodados em outros voos partindo de Foz do Igua\u00e7u.<\/p>\n<p>Equipes t\u00e9cnicas especializadas e equipamentos espec\u00edficos est\u00e3o sendo mobilizados pela companhia para realizar a remo\u00e7\u00e3o da aeronave do local, com previs\u00e3o de chegada ao aeroporto por volta das 19h. As autoridades competentes e a empresa a\u00e9rea v\u00e3o investigar oficialmente as causas que levaram o avi\u00e3o a derrapar.<\/p>\n<p>Por Reda\u00e7\u00e3o Acontece<\/p>\n<p>RPC Cascavel<\/p>\n","protected":false},"excerpt":{"rendered":"<p>Uma aeronave da companhia a\u00e9rea Latam, transportando 151 pessoas, acabou saindo da pista durante o procedimento de pouso no Aeroporto Regional de Cascavel, localizado no Oeste paranaense, na manh\u00e3 desta segunda-feira (31). O incidente ocorreu por volta das 9h45, sob condi\u00e7\u00f5es de chuva na regi\u00e3o, fazendo com que o avi\u00e3o parasse atolado em uma \u00e1rea [&hellip;]<\/p>\n","protected":false},"author":0,"featured_media":32480,"comment_status":"open","ping_status":"open","sticky":false,"template":"","format":"standard","meta":{"footnotes":""},"categories":[18],"tags":[],"class_list":["post-32472","post","type-post","status-publish","format-standard","has-post-thumbnail","hentry","category-parana"],"_links":{"self":[{"href":"https:\/\/acontecenafronteira.com.br\/index.php\/wp-json\/wp\/v2\/posts\/32472","targetHints":{"allow":["GET"]}}],"collection":[{"href":"https:\/\/acontecenafronteira.com.br\/index.php\/wp-json\/wp\/v2\/posts"}],"about":[{"href":"https:\/\/acontecenafronteira.com.br\/index.php\/wp-json\/wp\/v2\/types\/post"}],"replies":[{"embeddable":true,"href":"https:\/\/acontecenafronteira.com.br\/index.php\/wp-json\/wp\/v2\/comments?post=32472"}],"version-history":[{"count":1,"href":"https:\/\/acontecenafronteira.com.br\/index.php\/wp-json\/wp\/v2\/posts\/32472\/revisions"}],"predecessor-version":[{"id":32479,"href":"https:\/\/acontecenafronteira.com.br\/index.php\/wp-json\/wp\/v2\/posts\/32472\/revisions\/32479"}],"wp:featuredmedia":[{"embeddable":true,"href":"https:\/\/acontecenafronteira.com.br\/index.php\/wp-json\/wp\/v2\/media\/32480"}],"wp:attachment":[{"href":"https:\/\/acontecenafronteira.com.br\/index.php\/wp-json\/wp\/v2\/media?parent=32472"}],"wp:term":[{"taxonomy":"category","embeddable":true,"href":"https:\/\/acontecenafronteira.com.br\/index.php\/wp-json\/wp\/v2\/categories?post=32472"},{"taxonomy":"post_tag","embeddable":true,"href":"https:\/\/acontecenafronteira.com.br\/index.php\/wp-json\/wp\/v2\/tags?post=32472"}],"curies":[{"name":"wp","href":"https:\/\/api.w.org\/{rel}","templated":true}]}}