{"id":32471,"date":"2026-08-31T12:36:00","date_gmt":"2026-08-31T15:36:00","guid":{"rendered":"https:\/\/acontecenafronteira.com.br\/?p=32471"},"modified":"2026-08-31T12:36:00","modified_gmt":"2026-08-31T15:36:00","slug":"morre-helinho-pimentel-icone-cultural-de-curitiba-aos-70-anos","status":"publish","type":"post","link":"https:\/\/acontecenafronteira.com.br\/index.php\/2026\/08\/31\/morre-helinho-pimentel-icone-cultural-de-curitiba-aos-70-anos\/","title":{"rendered":"Morre Helinho Pimentel, \u00edcone cultural de Curitiba, aos 70 anos"},"content":{"rendered":"<p>O cen\u00e1rio cultural de Curitiba est\u00e1 de luto. O empres\u00e1rio, produtor cultural e radialista <strong>Helinho Pimentel<\/strong> faleceu aos 70 anos neste domingo (30), na capital paranaense. Ele encontrava-se internado no Hospital S\u00e3o Vicente e n\u00e3o resistiu a complica\u00e7\u00f5es decorrentes de uma pneumonia.<\/p>\n<h2>Legado na cultura de Curitiba<\/h2>\n<p>Ao longo de mais de cinco d\u00e9cadas de trajet\u00f3ria, Helinho dedicou sua vida ao fortalecimento da m\u00fasica e das artes no Paran\u00e1. Entre seus feitos mais marcantes, destaca-se a funda\u00e7\u00e3o da <strong>R\u00e1dio Mundo Livre FM<\/strong>, um marco na radiodifus\u00e3o local, al\u00e9m de sua participa\u00e7\u00e3o fundamental na idealiza\u00e7\u00e3o da ic\u00f4nica <strong>Pedreira Paulo Leminski<\/strong>.<\/p>\n<h2>Grandes eventos e novos projetos<\/h2>\n<p>Sua atua\u00e7\u00e3o foi decisiva para colocar a capital paranaense na rota dos grandes espet\u00e1culos nacionais e internacionais. Ele esteve \u00e0 frente da produ\u00e7\u00e3o de in\u00fameros festivais e shows de grande porte. Mais recentemente, consolidou sua marca com a cria\u00e7\u00e3o da <strong>Rua da M\u00fasica<\/strong>, inaugurada h\u00e1 exatamente um ano.<\/p>\n<p>O adeus ao produtor ocorre nesta segunda-feira (31), com um vel\u00f3rio aberto ao p\u00fablico na <strong>\u00d3pera de Arame<\/strong>, com encerramento previsto para as 19h. Ele deixa a esposa, quatro filhos e quatro netos.<\/p>\n<h2>Reconhecimento oficial<\/h2>\n<p>Diante da imensur\u00e1vel perda para o setor art\u00edstico, a Prefeitura de Curitiba decretou <strong>luto oficial<\/strong> em homenagem p\u00f3stuma, destacando o impacto transformador que o empres\u00e1rio deixou na identidade cultural da cidade.<\/p>\n<p>Por Reda\u00e7\u00e3o Acontece<\/p>\n<p>Reprodu\u00e7\u00e3o\/RPC<\/p>\n","protected":false},"excerpt":{"rendered":"<p>O cen\u00e1rio cultural de Curitiba est\u00e1 de luto. O empres\u00e1rio, produtor cultural e radialista Helinho Pimentel faleceu aos 70 anos neste domingo (30), na capital paranaense. Ele encontrava-se internado no Hospital S\u00e3o Vicente e n\u00e3o resistiu a complica\u00e7\u00f5es decorrentes de uma pneumonia. Legado na cultura de Curitiba Ao longo de mais de cinco d\u00e9cadas de [&hellip;]<\/p>\n","protected":false},"author":0,"featured_media":32478,"comment_status":"open","ping_status":"open","sticky":false,"template":"","format":"standard","meta":{"footnotes":""},"categories":[18],"tags":[],"class_list":["post-32471","post","type-post","status-publish","format-standard","has-post-thumbnail","hentry","category-parana"],"_links":{"self":[{"href":"https:\/\/acontecenafronteira.com.br\/index.php\/wp-json\/wp\/v2\/posts\/32471","targetHints":{"allow":["GET"]}}],"collection":[{"href":"https:\/\/acontecenafronteira.com.br\/index.php\/wp-json\/wp\/v2\/posts"}],"about":[{"href":"https:\/\/acontecenafronteira.com.br\/index.php\/wp-json\/wp\/v2\/types\/post"}],"replies":[{"embeddable":true,"href":"https:\/\/acontecenafronteira.com.br\/index.php\/wp-json\/wp\/v2\/comments?post=32471"}],"version-history":[{"count":1,"href":"https:\/\/acontecenafronteira.com.br\/index.php\/wp-json\/wp\/v2\/posts\/32471\/revisions"}],"predecessor-version":[{"id":32477,"href":"https:\/\/acontecenafronteira.com.br\/index.php\/wp-json\/wp\/v2\/posts\/32471\/revisions\/32477"}],"wp:featuredmedia":[{"embeddable":true,"href":"https:\/\/acontecenafronteira.com.br\/index.php\/wp-json\/wp\/v2\/media\/32478"}],"wp:attachment":[{"href":"https:\/\/acontecenafronteira.com.br\/index.php\/wp-json\/wp\/v2\/media?parent=32471"}],"wp:term":[{"taxonomy":"category","embeddable":true,"href":"https:\/\/acontecenafronteira.com.br\/index.php\/wp-json\/wp\/v2\/categories?post=32471"},{"taxonomy":"post_tag","embeddable":true,"href":"https:\/\/acontecenafronteira.com.br\/index.php\/wp-json\/wp\/v2\/tags?post=32471"}],"curies":[{"name":"wp","href":"https:\/\/api.w.org\/{rel}","templated":true}]}}