{"id":32469,"date":"2026-08-31T12:35:49","date_gmt":"2026-08-31T15:35:49","guid":{"rendered":"https:\/\/acontecenafronteira.com.br\/?p=32469"},"modified":"2026-08-31T12:35:49","modified_gmt":"2026-08-31T15:35:49","slug":"eleicoes-2026-pr-requiao-filho-promete-icms-menor-para-pmes","status":"publish","type":"post","link":"https:\/\/acontecenafronteira.com.br\/index.php\/2026\/08\/31\/eleicoes-2026-pr-requiao-filho-promete-icms-menor-para-pmes\/","title":{"rendered":"Elei\u00e7\u00f5es 2026 PR: Requi\u00e3o Filho promete ICMS menor para PMEs"},"content":{"rendered":"<p>O candidato ao governo estadual pelo PDT, Requi\u00e3o Filho, abriu sua agenda de campanha em Curitiba defendendo a redu\u00e7\u00e3o da carga tribut\u00e1ria para micro e pequenos neg\u00f3cios do estado caso ven\u00e7a a disputa nas <b>Elei\u00e7\u00f5es 2026<\/b>.<\/p>\n<h2>Proposta para o desenvolvimento econ\u00f4mico<\/h2>\n<p>Durante entrevista concedida \u00e0 r\u00e1dio Banda B na \u00faltima segunda-feira (31), o postulante ao Pal\u00e1cio Igua\u00e7u argumentou que a diminui\u00e7\u00e3o do Imposto Sobre Circula\u00e7\u00e3o de Mercadorias e Servi\u00e7os servir\u00e1 como est\u00edmulo para a gera\u00e7\u00e3o de vagas de trabalho e valoriza\u00e7\u00e3o salarial. Na vis\u00e3o dele, a medida permitir\u00e1 que os empreendedores contratem mais e ofere\u00e7am remunera\u00e7\u00f5es melhores.<\/p>\n<p>Al\u00e9m da frente tribut\u00e1ria, o plano de governo apresentado inclui a inten\u00e7\u00e3o de recuperar o controle acion\u00e1rio e a influ\u00eancia estrat\u00e9gica do estado sobre a Copel, com o objetivo final de baratear a tarifa de energia el\u00e9trica para a popula\u00e7\u00e3o e o setor produtivo.<\/p>\n<h2>Agenda de campanha e cen\u00e1rio da disputa<\/h2>\n<p>A programa\u00e7\u00e3o do dia seguiu com um almo\u00e7o fechado ao lado de correligion\u00e1rios e apoiadores. No per\u00edodo da tarde, \u00e0s 15h, o candidato marcou presen\u00e7a em um evento voltado para mulheres empreendedoras na capital paranaense. O encerramento das atividades p\u00fablicas ocorreu \u00e0s 19h, durante uma sabatina promovida pelo Sindicato dos Metal\u00fargicos da Grande Curitiba.<\/p>\n<p>Vale lembrar que o per\u00edodo oficial de propaganda eleitoral em territ\u00f3rio nacional teve in\u00edcio em 16 de agosto. Desde ent\u00e3o, os postulantes aos cargos p\u00fablicos est\u00e3o autorizados a realizar com\u00edcios, passeatas, debates e divulgar plataformas pol\u00edticas na internet, r\u00e1dio e televis\u00e3o, sempre respeitando a legisla\u00e7\u00e3o da Justi\u00e7a Eleitoral.<\/p>\n<h2>O panorama do pleito paranaense<\/h2>\n<p>Com o primeiro turno agendado para o dia 4 de outubro \u2014 e um eventual segundo turno previsto para 25 de outubro \u2014, a corrida pelo comando do Executivo estadual conta com um total de oito candidaturas oficializadas pelas legendas partid\u00e1rias.<\/p>\n<p>A lista completa de concorrentes inclui Adriano Teixeira (PCO), Alexandre Salom\u00e3o (Mobiliza), Luiz Fran\u00e7a (Miss\u00e3o), Requi\u00e3o Filho (PDT), Samuel Mattos (PSTU), Sandro Alex (PSD), S\u00e9rgio Moro (PL) e Tayn\u00e1 Miessa (UP).<\/p>\n<p>Por Reda\u00e7\u00e3o Acontece<\/p>\n<p>Valdir Amaral\/Assembleia Legislativa do Paran\u00e1 \/ Marcelo Camargo\/Ag\u00eancia Brasil<\/p>\n","protected":false},"excerpt":{"rendered":"<p>O candidato ao governo estadual pelo PDT, Requi\u00e3o Filho, abriu sua agenda de campanha em Curitiba defendendo a redu\u00e7\u00e3o da carga tribut\u00e1ria para micro e pequenos neg\u00f3cios do estado caso ven\u00e7a a disputa nas Elei\u00e7\u00f5es 2026. Proposta para o desenvolvimento econ\u00f4mico Durante entrevista concedida \u00e0 r\u00e1dio Banda B na \u00faltima segunda-feira (31), o postulante ao [&hellip;]<\/p>\n","protected":false},"author":0,"featured_media":32474,"comment_status":"open","ping_status":"open","sticky":false,"template":"","format":"standard","meta":{"footnotes":""},"categories":[18],"tags":[],"class_list":["post-32469","post","type-post","status-publish","format-standard","has-post-thumbnail","hentry","category-parana"],"_links":{"self":[{"href":"https:\/\/acontecenafronteira.com.br\/index.php\/wp-json\/wp\/v2\/posts\/32469","targetHints":{"allow":["GET"]}}],"collection":[{"href":"https:\/\/acontecenafronteira.com.br\/index.php\/wp-json\/wp\/v2\/posts"}],"about":[{"href":"https:\/\/acontecenafronteira.com.br\/index.php\/wp-json\/wp\/v2\/types\/post"}],"replies":[{"embeddable":true,"href":"https:\/\/acontecenafronteira.com.br\/index.php\/wp-json\/wp\/v2\/comments?post=32469"}],"version-history":[{"count":1,"href":"https:\/\/acontecenafronteira.com.br\/index.php\/wp-json\/wp\/v2\/posts\/32469\/revisions"}],"predecessor-version":[{"id":32473,"href":"https:\/\/acontecenafronteira.com.br\/index.php\/wp-json\/wp\/v2\/posts\/32469\/revisions\/32473"}],"wp:featuredmedia":[{"embeddable":true,"href":"https:\/\/acontecenafronteira.com.br\/index.php\/wp-json\/wp\/v2\/media\/32474"}],"wp:attachment":[{"href":"https:\/\/acontecenafronteira.com.br\/index.php\/wp-json\/wp\/v2\/media?parent=32469"}],"wp:term":[{"taxonomy":"category","embeddable":true,"href":"https:\/\/acontecenafronteira.com.br\/index.php\/wp-json\/wp\/v2\/categories?post=32469"},{"taxonomy":"post_tag","embeddable":true,"href":"https:\/\/acontecenafronteira.com.br\/index.php\/wp-json\/wp\/v2\/tags?post=32469"}],"curies":[{"name":"wp","href":"https:\/\/api.w.org\/{rel}","templated":true}]}}