{"id":32459,"date":"2026-08-31T11:37:55","date_gmt":"2026-08-31T14:37:55","guid":{"rendered":"https:\/\/acontecenafronteira.com.br\/?p=32459"},"modified":"2026-08-31T11:37:55","modified_gmt":"2026-08-31T14:37:55","slug":"feriados-de-setembro-veja-o-calendario-alem-do-7-de-setembro","status":"publish","type":"post","link":"https:\/\/acontecenafronteira.com.br\/index.php\/2026\/08\/31\/feriados-de-setembro-veja-o-calendario-alem-do-7-de-setembro\/","title":{"rendered":"Feriados de setembro: veja o calend\u00e1rio al\u00e9m do 7 de Setembro"},"content":{"rendered":"<p>O m\u00eas de setembro vai muito al\u00e9m do tradicional feriado da Independ\u00eancia do Brasil, celebrado no dia 7, que garante um descanso prolongado logo na primeira segunda-feira do per\u00edodo. Moradores de diversos estados e capitais brasileiras tamb\u00e9m poder\u00e3o aproveitar folgas extras ao longo das semanas seguintes devido a comemora\u00e7\u00f5es religiosas, anivers\u00e1rios de funda\u00e7\u00e3o e datas magnas estaduais.<\/p>\n<h2>Feriados religiosos em capitais estendem o descanso<\/h2>\n<p>Logo ap\u00f3s o 7 de Setembro, o calend\u00e1rio de ter\u00e7a-feira (8) traz folgas municipais motivadas por celebra\u00e7\u00f5es religiosas e anivers\u00e1rios em quatro capitais importantes do pa\u00eds. Em Vit\u00f3ria (ES), a data \u00e9 marcada pelas homenagens a Nossa Senhora da Vit\u00f3ria. J\u00e1 em S\u00e3o Lu\u00eds (MA), os moradores comemoram o anivers\u00e1rio da capital maranhense juntamente com o Dia de Nossa Senhora da Natividade.<\/p>\n<p>As festividades religiosas do dia 8 tamb\u00e9m paralisam as atividades em Palmas (TO), em honra a Nossa Senhora da Natividade, e em Curitiba (PR), que celebra o Dia de Nossa Senhora da Luz.<\/p>\n<h2>Emancipa\u00e7\u00e3o pol\u00edtica de Alagoas<\/h2>\n<p>Avan\u00e7ando no calend\u00e1rio, o dia 16 de setembro reserva uma folga em todo o territ\u00f3rio alagoano. O estado celebra sua emancipa\u00e7\u00e3o pol\u00edtica, registrando 209 anos desde a separa\u00e7\u00e3o oficial de Pernambuco, decretada em 1817 por Dom Jo\u00e3o VI como forma de premiar os propriet\u00e1rios de terras locais que apoiaram a Coroa contra a Revolu\u00e7\u00e3o Pernambucana e reduzir a influ\u00eancia pol\u00edtica pernambucana. Na \u00e9poca, a primeira sede do governo ficou estabelecida na antiga cidade de Alagoas do Sul, atual Marechal Deodoro, antes que a capital fosse transferida para Macei\u00f3 em 1839 devido \u00e0s facilidades do porto local.<\/p>\n<h2>Revolu\u00e7\u00e3o Farroupilha no Rio Grande do Sul<\/h2>\n<p>Encerrando o ciclo de folgas do m\u00eas, o dia 20 de setembro marca a comemora\u00e7\u00e3o da Revolu\u00e7\u00e3o Farroupilha em terras ga\u00fachas. A data relembra o conflito civil mais duradouro da hist\u00f3ria nacional, ocorrido entre 1835 e 1845, impulsionado pela insatisfa\u00e7\u00e3o com a alta tributa\u00e7\u00e3o sobre a produ\u00e7\u00e3o local de charque em compara\u00e7\u00e3o com os produtos importados, al\u00e9m da busca por maior autonomia pol\u00edtica frente ao poder centralizado no Rio de Janeiro.<\/p>\n<p>Sob a lideran\u00e7a de figuras hist\u00f3ricas como Bento Gon\u00e7alves, os revoltosos tomaram Porto Alegre em 20 de setembro de 1835 e chegaram a proclamar uma nova rep\u00fablica, que mais tarde se uniu a outros epis\u00f3dios marcantes, como a proclama\u00e7\u00e3o da Rep\u00fablica Juliana em Santa Catarina. O conflito chegou ao fim somente em 1845, ap\u00f3s a assinatura do Tratado de Ponche Verde com Dom Pedro II, que garantiu anistia aos participantes e o retorno pac\u00edfico da regi\u00e3o ao Imp\u00e9rio.<\/p>\n<p>Por Reda\u00e7\u00e3o Acontece Cr\u00e9ditos da imagem: Reprodu\u00e7\u00e3o \/ Banco de Imagens<\/p>\n","protected":false},"excerpt":{"rendered":"<p>O m\u00eas de setembro vai muito al\u00e9m do tradicional feriado da Independ\u00eancia do Brasil, celebrado no dia 7, que garante um descanso prolongado logo na primeira segunda-feira do per\u00edodo. Moradores de diversos estados e capitais brasileiras tamb\u00e9m poder\u00e3o aproveitar folgas extras ao longo das semanas seguintes devido a comemora\u00e7\u00f5es religiosas, anivers\u00e1rios de funda\u00e7\u00e3o e datas [&hellip;]<\/p>\n","protected":false},"author":0,"featured_media":32466,"comment_status":"open","ping_status":"open","sticky":false,"template":"","format":"standard","meta":{"footnotes":""},"categories":[6],"tags":[],"class_list":["post-32459","post","type-post","status-publish","format-standard","has-post-thumbnail","hentry","category-mercosul"],"_links":{"self":[{"href":"https:\/\/acontecenafronteira.com.br\/index.php\/wp-json\/wp\/v2\/posts\/32459","targetHints":{"allow":["GET"]}}],"collection":[{"href":"https:\/\/acontecenafronteira.com.br\/index.php\/wp-json\/wp\/v2\/posts"}],"about":[{"href":"https:\/\/acontecenafronteira.com.br\/index.php\/wp-json\/wp\/v2\/types\/post"}],"replies":[{"embeddable":true,"href":"https:\/\/acontecenafronteira.com.br\/index.php\/wp-json\/wp\/v2\/comments?post=32459"}],"version-history":[{"count":1,"href":"https:\/\/acontecenafronteira.com.br\/index.php\/wp-json\/wp\/v2\/posts\/32459\/revisions"}],"predecessor-version":[{"id":32465,"href":"https:\/\/acontecenafronteira.com.br\/index.php\/wp-json\/wp\/v2\/posts\/32459\/revisions\/32465"}],"wp:featuredmedia":[{"embeddable":true,"href":"https:\/\/acontecenafronteira.com.br\/index.php\/wp-json\/wp\/v2\/media\/32466"}],"wp:attachment":[{"href":"https:\/\/acontecenafronteira.com.br\/index.php\/wp-json\/wp\/v2\/media?parent=32459"}],"wp:term":[{"taxonomy":"category","embeddable":true,"href":"https:\/\/acontecenafronteira.com.br\/index.php\/wp-json\/wp\/v2\/categories?post=32459"},{"taxonomy":"post_tag","embeddable":true,"href":"https:\/\/acontecenafronteira.com.br\/index.php\/wp-json\/wp\/v2\/tags?post=32459"}],"curies":[{"name":"wp","href":"https:\/\/api.w.org\/{rel}","templated":true}]}}