{"id":32457,"date":"2026-08-31T11:37:45","date_gmt":"2026-08-31T14:37:45","guid":{"rendered":"https:\/\/acontecenafronteira.com.br\/?p=32457"},"modified":"2026-08-31T11:37:45","modified_gmt":"2026-08-31T14:37:45","slug":"pai-e-filho-sao-presos-apos-arrastar-mulher-em-jaguariuna","status":"publish","type":"post","link":"https:\/\/acontecenafronteira.com.br\/index.php\/2026\/08\/31\/pai-e-filho-sao-presos-apos-arrastar-mulher-em-jaguariuna\/","title":{"rendered":"Pai e filho s\u00e3o presos ap\u00f3s arrastar mulher em Jaguari\u00fana"},"content":{"rendered":"<p>Um homem e seu pai foram detidos pela Guarda Civil Municipal ap\u00f3s agredir brutalmente, arremessar de um autom\u00f3vel em movimento e arrastar por alguns metros a companheira do mais jovem, em Jaguari\u00fana, no interior paulista. O crime ocorreu na noite de um s\u00e1bado (28\/8), no bairro Jardim Alice.<\/p>\n<h2>Escalada de viol\u00eancia em Jaguari\u00fana<\/h2>\n<p>O epis\u00f3dio teve in\u00edcio como uma discuss\u00e3o de casal dentro do ve\u00edculo, mas rapidamente evoluiu para uma agress\u00e3o f\u00edsica conjunta, com a participa\u00e7\u00e3o ativa do sogro da v\u00edtima. Em meio ao conflito, a porta do carro foi aberta e a mulher acabou sendo lan\u00e7ada para fora enquanto o autom\u00f3vel ainda estava em deslocamento.<\/p>\n<h3>Socorro e atendimento m\u00e9dico<\/h3>\n<p>Devido ao incidente, a v\u00edtima ficou presa a partes do carro e acabou sendo arrastada por aproximadamente tr\u00eas metros, parando pr\u00f3xima a uma escola local. Pedestres que passavam pelo local prestaram o aux\u00edlio inicial, e um familiar posteriormente a conduziu at\u00e9 a Unidade de Pronto Atendimento (UPA). Surpreendentemente, apesar da gravidade da situa\u00e7\u00e3o, ela sofreu apenas ferimentos leves.<\/p>\n<h2>Pris\u00e3o em resid\u00eancia e desdobramentos judiciais<\/h2>\n<p>As autoridades locais localizaram e prenderam a dupla diretamente em sua resid\u00eancia. Durante as buscas, o companheiro da v\u00edtima tentou se esconder no s\u00f3t\u00e3o da casa, enquanto o patriarca foi achado escondido no interior de um guarda-roupa.<\/p>\n<p>O caso foi formalmente registrado na delegacia do munic\u00edpio. No \u00e2mbito judicial, a pris\u00e3o em flagrante do companheiro foi convertida em preventiva, ao passo que o pai foi liberado pela Justi\u00e7a para responder \u00e0s acusa\u00e7\u00f5es em liberdade.<\/p>\n<p>Por Reda\u00e7\u00e3o Acontece<\/p>\n<p>Cr\u00e9ditos da imagem: Reprodu\u00e7\u00e3o \/ Redes Sociais<\/p>\n","protected":false},"excerpt":{"rendered":"<p>Um homem e seu pai foram detidos pela Guarda Civil Municipal ap\u00f3s agredir brutalmente, arremessar de um autom\u00f3vel em movimento e arrastar por alguns metros a companheira do mais jovem, em Jaguari\u00fana, no interior paulista. O crime ocorreu na noite de um s\u00e1bado (28\/8), no bairro Jardim Alice. Escalada de viol\u00eancia em Jaguari\u00fana O epis\u00f3dio [&hellip;]<\/p>\n","protected":false},"author":0,"featured_media":32462,"comment_status":"open","ping_status":"open","sticky":false,"template":"","format":"standard","meta":{"footnotes":""},"categories":[6],"tags":[],"class_list":["post-32457","post","type-post","status-publish","format-standard","has-post-thumbnail","hentry","category-mercosul"],"_links":{"self":[{"href":"https:\/\/acontecenafronteira.com.br\/index.php\/wp-json\/wp\/v2\/posts\/32457","targetHints":{"allow":["GET"]}}],"collection":[{"href":"https:\/\/acontecenafronteira.com.br\/index.php\/wp-json\/wp\/v2\/posts"}],"about":[{"href":"https:\/\/acontecenafronteira.com.br\/index.php\/wp-json\/wp\/v2\/types\/post"}],"replies":[{"embeddable":true,"href":"https:\/\/acontecenafronteira.com.br\/index.php\/wp-json\/wp\/v2\/comments?post=32457"}],"version-history":[{"count":1,"href":"https:\/\/acontecenafronteira.com.br\/index.php\/wp-json\/wp\/v2\/posts\/32457\/revisions"}],"predecessor-version":[{"id":32461,"href":"https:\/\/acontecenafronteira.com.br\/index.php\/wp-json\/wp\/v2\/posts\/32457\/revisions\/32461"}],"wp:featuredmedia":[{"embeddable":true,"href":"https:\/\/acontecenafronteira.com.br\/index.php\/wp-json\/wp\/v2\/media\/32462"}],"wp:attachment":[{"href":"https:\/\/acontecenafronteira.com.br\/index.php\/wp-json\/wp\/v2\/media?parent=32457"}],"wp:term":[{"taxonomy":"category","embeddable":true,"href":"https:\/\/acontecenafronteira.com.br\/index.php\/wp-json\/wp\/v2\/categories?post=32457"},{"taxonomy":"post_tag","embeddable":true,"href":"https:\/\/acontecenafronteira.com.br\/index.php\/wp-json\/wp\/v2\/tags?post=32457"}],"curies":[{"name":"wp","href":"https:\/\/api.w.org\/{rel}","templated":true}]}}