{"id":32448,"date":"2026-08-31T11:37:40","date_gmt":"2026-08-31T14:37:40","guid":{"rendered":"https:\/\/acontecenafronteira.com.br\/?p=32448"},"modified":"2026-08-31T11:37:40","modified_gmt":"2026-08-31T14:37:40","slug":"tragedia-no-himalaia-mortes-se-aproximam-de-mil-em-enchentes","status":"publish","type":"post","link":"https:\/\/acontecenafronteira.com.br\/index.php\/2026\/08\/31\/tragedia-no-himalaia-mortes-se-aproximam-de-mil-em-enchentes\/","title":{"rendered":"Trag\u00e9dia no Himalaia: Mortes se aproximam de mil em enchentes"},"content":{"rendered":"<p>As autoridades do Nepal e da China divulgaram um novo balan\u00e7o alarmante nesta segunda-feira, revelando que o total de mortos ap\u00f3s as severas enchentes e deslizamentos na regi\u00e3o fronteiri\u00e7a chegou a 955, enquanto o n\u00famero de desaparecidos atinge 4.471 pessoas.<\/p>\n<h2>Impacto dos temporais na regi\u00e3o<\/h2>\n<p>O desastre foi desencadeado na \u00faltima quarta-feira por uma imensa onda de gelo, lama e detritos, provocada pelo colapso de uma geleira no Himalaia. O fen\u00f4meno soterrou vilarejos, destruiu pontes e arrasou cidades inteiras, deixando um rastro de destrui\u00e7\u00e3o que surpreendeu especialistas e moradores locais.<\/p>\n<p>No lado nepal\u00eas, o governo revisou o n\u00famero de desaparecidos para 3.925, ao mesmo tempo em que o total de \u00f3bitos no pa\u00eds subiu para 939. J\u00e1 na regi\u00e3o aut\u00f4noma chinesa do Tibete, as autoridades confirmaram 16 mortos e 546 pessoas que continuam sem paradeiro conhecido.<\/p>\n<h2>Desafios nas buscas e identifica\u00e7\u00e3o<\/h2>\n<p>Diante do elevado volume de corpos resgatados e da escassez de c\u00e2maras frigor\u00edficas adequadas, o Nepal iniciou o sepultamento de algumas v\u00edtimas antes mesmo da conclus\u00e3o formal da identifica\u00e7\u00e3o. Para contornar o problema, equipes m\u00e9dicas coletaram amostras de DNA, permitindo que os familiares realizem exames futuros e cumpram ritos funer\u00e1rios.<\/p>\n<p>Centros de triagem improvisados foram montados para que parentes aflitos possam analisar fotografias de corpos recuperados em telas de LED. Paralelamente, engenheiros do Ex\u00e9rcito nepal\u00eas intensificaram os esfor\u00e7os para alcan\u00e7ar trabalhadores que continuam presos no t\u00fanel de uma usina hidrel\u00e9trica danificada pela for\u00e7a das \u00e1guas.<\/p>\n<h2>Preju\u00edzos e alertas clim\u00e1ticos<\/h2>\n<p>Sobreviventes relatam um cen\u00e1rio de terra arrasada. Moradores afirmam que povoados inteiros localizados \u00e0s margens dos rios simplesmente deixaram de existir. O primeiro-ministro do Nepal classificou a cat\u00e1strofe como sem precedentes e estimou que a reconstru\u00e7\u00e3o exigir\u00e1 investimentos bilion\u00e1rios.<\/p>\n<p>Al\u00e9m disso, autoridades alertaram para o risco cont\u00ednuo de novos desastres, especialmente na China, onde um deslizamento recente formou um lago tempor\u00e1rio que obrigou a retirada tempor\u00e1ria de socorristas. Especialistas apontam que o aquecimento global acelera o derretimento das geleiras na cordilheira, tornando a regi\u00e3o cada vez mais vulner\u00e1vel a eventos extremos.<\/p>\n<p>Por Reda\u00e7\u00e3o Acontece<\/p>\n<p>Foto: Divulga\u00e7\u00e3o\/Defesa Civil<\/p>\n","protected":false},"excerpt":{"rendered":"<p>As autoridades do Nepal e da China divulgaram um novo balan\u00e7o alarmante nesta segunda-feira, revelando que o total de mortos ap\u00f3s as severas enchentes e deslizamentos na regi\u00e3o fronteiri\u00e7a chegou a 955, enquanto o n\u00famero de desaparecidos atinge 4.471 pessoas. Impacto dos temporais na regi\u00e3o O desastre foi desencadeado na \u00faltima quarta-feira por uma imensa [&hellip;]<\/p>\n","protected":false},"author":0,"featured_media":32456,"comment_status":"open","ping_status":"open","sticky":false,"template":"","format":"standard","meta":{"footnotes":""},"categories":[28],"tags":[],"class_list":["post-32448","post","type-post","status-publish","format-standard","has-post-thumbnail","hentry","category-mundo"],"_links":{"self":[{"href":"https:\/\/acontecenafronteira.com.br\/index.php\/wp-json\/wp\/v2\/posts\/32448","targetHints":{"allow":["GET"]}}],"collection":[{"href":"https:\/\/acontecenafronteira.com.br\/index.php\/wp-json\/wp\/v2\/posts"}],"about":[{"href":"https:\/\/acontecenafronteira.com.br\/index.php\/wp-json\/wp\/v2\/types\/post"}],"replies":[{"embeddable":true,"href":"https:\/\/acontecenafronteira.com.br\/index.php\/wp-json\/wp\/v2\/comments?post=32448"}],"version-history":[{"count":1,"href":"https:\/\/acontecenafronteira.com.br\/index.php\/wp-json\/wp\/v2\/posts\/32448\/revisions"}],"predecessor-version":[{"id":32455,"href":"https:\/\/acontecenafronteira.com.br\/index.php\/wp-json\/wp\/v2\/posts\/32448\/revisions\/32455"}],"wp:featuredmedia":[{"embeddable":true,"href":"https:\/\/acontecenafronteira.com.br\/index.php\/wp-json\/wp\/v2\/media\/32456"}],"wp:attachment":[{"href":"https:\/\/acontecenafronteira.com.br\/index.php\/wp-json\/wp\/v2\/media?parent=32448"}],"wp:term":[{"taxonomy":"category","embeddable":true,"href":"https:\/\/acontecenafronteira.com.br\/index.php\/wp-json\/wp\/v2\/categories?post=32448"},{"taxonomy":"post_tag","embeddable":true,"href":"https:\/\/acontecenafronteira.com.br\/index.php\/wp-json\/wp\/v2\/tags?post=32448"}],"curies":[{"name":"wp","href":"https:\/\/api.w.org\/{rel}","templated":true}]}}