{"id":32447,"date":"2026-08-31T11:37:33","date_gmt":"2026-08-31T14:37:33","guid":{"rendered":"https:\/\/acontecenafronteira.com.br\/?p=32447"},"modified":"2026-08-31T11:37:33","modified_gmt":"2026-08-31T14:37:33","slug":"augusto-cury-usa-laje-da-rocinha-e-funk-para-impulsionar-campanha","status":"publish","type":"post","link":"https:\/\/acontecenafronteira.com.br\/index.php\/2026\/08\/31\/augusto-cury-usa-laje-da-rocinha-e-funk-para-impulsionar-campanha\/","title":{"rendered":"Augusto Cury usa laje da Rocinha e funk para impulsionar campanha"},"content":{"rendered":"<p>O candidato \u00e0 Presid\u00eancia Augusto Cury (Avante) realizou uma das a\u00e7\u00f5es mais chamativas de sua campanha ao visitar a Rocinha, localizada na Zona Sul do Rio de Janeiro. No \u00faltimo s\u00e1bado, o presidenci\u00e1vel esteve na comunidade e produziu um registro audiovisual na conhecida laje Porta do C\u00e9u, tendo a favela como cen\u00e1rio de fundo enquanto era filmado por um drone.<\/p>\n<p>Urbaniza\u00e7\u00e3o e propostas de seguran\u00e7a Al\u00e9m das imagens a\u00e9reas capturadas na comunidade, a tecnologia de drones tamb\u00e9m integra as diretrizes do plano de governo de Cury, sendo sugerida ao lado da intelig\u00eancia artificial como recurso para a seguran\u00e7a p\u00fablica. O documento oficial da candidatura, com cerca de 200 p\u00e1ginas, utiliza a experi\u00eancia carioca em urbaniza\u00e7\u00e3o de assentamentos informais como modelo nacional, priorizando a integra\u00e7\u00e3o urbana e investimentos em infraestrutura em vez de remo\u00e7\u00f5es.<\/p>\n<p>Funk como trilha sonora oficial A maior comunidade do Rio de Janeiro tamb\u00e9m inspirou a principal aposta musical da campanha: o jingle oficial, que consiste em uma adapta\u00e7\u00e3o do cl\u00e1ssico \u201cRap da Felicidade\u201d, originalmente gravado por Cidinho e Doca. Durante a caminhada pelo local, o pol\u00edtico usou uma camisa verde estampada com o verso do refr\u00e3o que embala sua candidatura, enquanto a letra modificada aborda temas sens\u00edveis como viol\u00eancia, desigualdade e o contraste social nas periferias.<\/p>\n<p>Cen\u00e1rio nas pesquisas eleitorais O movimento na capital fluminense ocorre enquanto o candidato busca ampliar sua visibilidade e consolidar suas propostas. Na \u00faltima pesquisa Quaest, Cury registrou 2% das inten\u00e7\u00f5es de voto no primeiro turno, o que representou uma leve oscila\u00e7\u00e3o positiva dentro da margem de erro. O levantamento \u00e9 liderado pelos principais nomes da disputa presidencial, em um cen\u00e1rio que ouviu mais de dois mil eleitores em todo o pa\u00eds.<\/p>\n<p>Propostas econ\u00f4micas para o Rio de Janeiro O plano de governo apresentado pela campanha dedica aten\u00e7\u00e3o especial ao estado fluminense no \u00e2mbito do desenvolvimento econ\u00f4mico e do com\u00e9rcio exterior. Entre as iniciativas previstas est\u00e3o a cria\u00e7\u00e3o da Zona Franca do Rio de Janeiro, voltada para setores estrat\u00e9gicos como petr\u00f3leo, g\u00e1s, ind\u00fastria naval e rob\u00f3tica, al\u00e9m da implementa\u00e7\u00e3o de um Corredor Estrat\u00e9gico de Exporta\u00e7\u00e3o integrado a portos e aeroportos da regi\u00e3o.<\/p>\n<p>Incentivo ao microcr\u00e9dito e empreendedorismo Para as \u00e1reas perif\u00e9ricas, a estrat\u00e9gia econ\u00f4mica aposta no chamado \u201cempreendedorismo em massa\u201d, com a cria\u00e7\u00e3o de uma Escola do Empreendedor e de um Banco do Empreendedor. A meta estabelecida pelo programa \u00e9 viabilizar cr\u00e9dito produtivo para dois milh\u00f5es de pequenos neg\u00f3cios no pa\u00eds ao longo de dez anos, unindo inclus\u00e3o social e fomento \u00e0 economia local.<\/p>\n<p>Por Reda\u00e7\u00e3o Acontece<\/p>\n<p>Foto: Divulga\u00e7\u00e3o \/ Campanha<\/p>\n","protected":false},"excerpt":{"rendered":"<p>O candidato \u00e0 Presid\u00eancia Augusto Cury (Avante) realizou uma das a\u00e7\u00f5es mais chamativas de sua campanha ao visitar a Rocinha, localizada na Zona Sul do Rio de Janeiro. No \u00faltimo s\u00e1bado, o presidenci\u00e1vel esteve na comunidade e produziu um registro audiovisual na conhecida laje Porta do C\u00e9u, tendo a favela como cen\u00e1rio de fundo enquanto [&hellip;]<\/p>\n","protected":false},"author":0,"featured_media":32454,"comment_status":"open","ping_status":"open","sticky":false,"template":"","format":"standard","meta":{"footnotes":""},"categories":[28],"tags":[],"class_list":["post-32447","post","type-post","status-publish","format-standard","has-post-thumbnail","hentry","category-mundo"],"_links":{"self":[{"href":"https:\/\/acontecenafronteira.com.br\/index.php\/wp-json\/wp\/v2\/posts\/32447","targetHints":{"allow":["GET"]}}],"collection":[{"href":"https:\/\/acontecenafronteira.com.br\/index.php\/wp-json\/wp\/v2\/posts"}],"about":[{"href":"https:\/\/acontecenafronteira.com.br\/index.php\/wp-json\/wp\/v2\/types\/post"}],"replies":[{"embeddable":true,"href":"https:\/\/acontecenafronteira.com.br\/index.php\/wp-json\/wp\/v2\/comments?post=32447"}],"version-history":[{"count":1,"href":"https:\/\/acontecenafronteira.com.br\/index.php\/wp-json\/wp\/v2\/posts\/32447\/revisions"}],"predecessor-version":[{"id":32453,"href":"https:\/\/acontecenafronteira.com.br\/index.php\/wp-json\/wp\/v2\/posts\/32447\/revisions\/32453"}],"wp:featuredmedia":[{"embeddable":true,"href":"https:\/\/acontecenafronteira.com.br\/index.php\/wp-json\/wp\/v2\/media\/32454"}],"wp:attachment":[{"href":"https:\/\/acontecenafronteira.com.br\/index.php\/wp-json\/wp\/v2\/media?parent=32447"}],"wp:term":[{"taxonomy":"category","embeddable":true,"href":"https:\/\/acontecenafronteira.com.br\/index.php\/wp-json\/wp\/v2\/categories?post=32447"},{"taxonomy":"post_tag","embeddable":true,"href":"https:\/\/acontecenafronteira.com.br\/index.php\/wp-json\/wp\/v2\/tags?post=32447"}],"curies":[{"name":"wp","href":"https:\/\/api.w.org\/{rel}","templated":true}]}}