{"id":32446,"date":"2026-08-31T11:37:26","date_gmt":"2026-08-31T14:37:26","guid":{"rendered":"https:\/\/acontecenafronteira.com.br\/?p=32446"},"modified":"2026-08-31T11:37:26","modified_gmt":"2026-08-31T14:37:26","slug":"sus-no-rj-acidentes-com-motos-custam-r-104-mi-em-seis-anos","status":"publish","type":"post","link":"https:\/\/acontecenafronteira.com.br\/index.php\/2026\/08\/31\/sus-no-rj-acidentes-com-motos-custam-r-104-mi-em-seis-anos\/","title":{"rendered":"SUS no RJ: Acidentes com motos custam R$ 104 mi em seis anos"},"content":{"rendered":"<p>As unidades de sa\u00fade do Sistema \u00danico de Sa\u00fade (SUS) no estado do Rio de Janeiro registraram um impacto financeiro de R$ 104,6 milh\u00f5es devido a colis\u00f5es e ocorr\u00eancias envolvendo motocicletas entre 2019 e junho de 2026.<\/p>\n<h2>Crescimento expressivo nas interna\u00e7\u00f5es<\/h2>\n<p>Os registros oficiais apontam que a quantidade de hospitaliza\u00e7\u00f5es decorrentes desse tipo de ocorr\u00eancia quase dobrou ao longo do per\u00edodo analisado, evidenciando uma press\u00e3o crescente sobre a rede p\u00fablica de sa\u00fade fluminense.<\/p>\n<h2>Custos para a sa\u00fade p\u00fablica<\/h2>\n<p>O levantamento in\u00e9dito foi divulgado pelo Minist\u00e9rio da Sa\u00fade e detalha o peso econ\u00f4mico que o atendimento a esses condutores representa para os cofres p\u00fablicos no estado.<\/p>\n<p>As estat\u00edsticas servem de term\u00f4metro para avaliar a gravidade da seguran\u00e7a no tr\u00e2nsito e a urg\u00eancia de novas medidas preventivas voltadas aos motociclistas nas vias urbanas e rodovias.<\/p>\n<p>O cen\u00e1rio refor\u00e7a o alerta para autoridades e gestores p\u00fablicos sobre a necessidade de campanhas educativas e fiscaliza\u00e7\u00e3o mais rigorosa para conter o avan\u00e7o dessas ocorr\u00eancias.<\/p>\n<p>Por Reda\u00e7\u00e3o Acontece<\/p>\n<p>Cr\u00e9ditos da imagem: Divulga\u00e7\u00e3o \/ Minist\u00e9rio da Sa\u00fade<\/p>\n","protected":false},"excerpt":{"rendered":"<p>As unidades de sa\u00fade do Sistema \u00danico de Sa\u00fade (SUS) no estado do Rio de Janeiro registraram um impacto financeiro de R$ 104,6 milh\u00f5es devido a colis\u00f5es e ocorr\u00eancias envolvendo motocicletas entre 2019 e junho de 2026. Crescimento expressivo nas interna\u00e7\u00f5es Os registros oficiais apontam que a quantidade de hospitaliza\u00e7\u00f5es decorrentes desse tipo de ocorr\u00eancia [&hellip;]<\/p>\n","protected":false},"author":0,"featured_media":32452,"comment_status":"open","ping_status":"open","sticky":false,"template":"","format":"standard","meta":{"footnotes":""},"categories":[28],"tags":[],"class_list":["post-32446","post","type-post","status-publish","format-standard","has-post-thumbnail","hentry","category-mundo"],"_links":{"self":[{"href":"https:\/\/acontecenafronteira.com.br\/index.php\/wp-json\/wp\/v2\/posts\/32446","targetHints":{"allow":["GET"]}}],"collection":[{"href":"https:\/\/acontecenafronteira.com.br\/index.php\/wp-json\/wp\/v2\/posts"}],"about":[{"href":"https:\/\/acontecenafronteira.com.br\/index.php\/wp-json\/wp\/v2\/types\/post"}],"replies":[{"embeddable":true,"href":"https:\/\/acontecenafronteira.com.br\/index.php\/wp-json\/wp\/v2\/comments?post=32446"}],"version-history":[{"count":1,"href":"https:\/\/acontecenafronteira.com.br\/index.php\/wp-json\/wp\/v2\/posts\/32446\/revisions"}],"predecessor-version":[{"id":32451,"href":"https:\/\/acontecenafronteira.com.br\/index.php\/wp-json\/wp\/v2\/posts\/32446\/revisions\/32451"}],"wp:featuredmedia":[{"embeddable":true,"href":"https:\/\/acontecenafronteira.com.br\/index.php\/wp-json\/wp\/v2\/media\/32452"}],"wp:attachment":[{"href":"https:\/\/acontecenafronteira.com.br\/index.php\/wp-json\/wp\/v2\/media?parent=32446"}],"wp:term":[{"taxonomy":"category","embeddable":true,"href":"https:\/\/acontecenafronteira.com.br\/index.php\/wp-json\/wp\/v2\/categories?post=32446"},{"taxonomy":"post_tag","embeddable":true,"href":"https:\/\/acontecenafronteira.com.br\/index.php\/wp-json\/wp\/v2\/tags?post=32446"}],"curies":[{"name":"wp","href":"https:\/\/api.w.org\/{rel}","templated":true}]}}