{"id":32445,"date":"2026-08-31T11:37:14","date_gmt":"2026-08-31T14:37:14","guid":{"rendered":"https:\/\/acontecenafronteira.com.br\/?p=32445"},"modified":"2026-08-31T11:37:14","modified_gmt":"2026-08-31T14:37:14","slug":"gabriel-jesus-faz-exames-e-fecha-com-o-barcelona-por-3-anos","status":"publish","type":"post","link":"https:\/\/acontecenafronteira.com.br\/index.php\/2026\/08\/31\/gabriel-jesus-faz-exames-e-fecha-com-o-barcelona-por-3-anos\/","title":{"rendered":"Gabriel Jesus faz exames e fecha com o Barcelona por 3 anos"},"content":{"rendered":"<p>O atacante Gabriel Jesus desembarcou em solo espanhol nesta segunda-feira para realizar exames m\u00e9dicos e sacramentar sua transfer\u00eancia para o Barcelona. A expectativa da diretoria catal\u00e3 \u00e9 oficializar a contrata\u00e7\u00e3o do brasileiro j\u00e1 na tarde da pr\u00f3xima ter\u00e7a-feira.<\/p>\n<h2>Detalhes da negocia\u00e7\u00e3o com o Arsenal<\/h2>\n<p>O acordo entre os clubes foi fechado na reta final da janela de transfer\u00eancias por 10 milh\u00f5es de euros fixos, com direito a mais 4 milh\u00f5es de euros em metas e b\u00f4nus. O jogador de 30 anos deve assinar um v\u00ednculo v\u00e1lido por tr\u00eas temporadas com a equipe cul\u00e9.<\/p>\n<p>Sem espa\u00e7o na equipe inglesa, o centroavante vinha perdendo espa\u00e7o e chegou a ser aus\u00eancia nos treinamentos na semana passada, ficando de fora at\u00e9 mesmo das primeiras partidas oficiais da temporada atual.<\/p>\n<h2>A escolha do Barcelona pelo brasileiro<\/h2>\n<p>A investida do clube catal\u00e3o ganhou for\u00e7a rapidamente ap\u00f3s a recusa do Atl\u00e9tico de Madrid em liberar Juli\u00e1n \u00c1lvarez. Diante das sa\u00eddas de Robert Lewandowski e Ferran Torres, a diretoria precisava urgentemente de um novo nome para o comando de ataque.<\/p>\n<p>Formado nas categorias de base do Palmeiras, o atleta se transferiu para o futebol europeu em janeiro de 2017 para vestir a camisa do Manchester City. Depois de cinco temporadas sob o comando de Pep Guardiola, ele se mudou para o Arsenal, per\u00edodo marcado por algumas les\u00f5es. Com passagens pela Sele\u00e7\u00e3o Brasileira, o centroavante esteve presente nos Mundiais de 2018 e 2022.<\/p>\n<p>A chegada do brasileiro representa uma nova oportunidade para recuperar o protagonismo no futebol europeu e suprir as car\u00eancias ofensivas do gigante da Catalunha para os pr\u00f3ximos anos.<\/p>\n<p>Por Reda\u00e7\u00e3o Acontece<\/p>\n<p>Cr\u00e9dito da imagem: Divulga\u00e7\u00e3o \/ Barcelona<\/p>\n","protected":false},"excerpt":{"rendered":"<p>O atacante Gabriel Jesus desembarcou em solo espanhol nesta segunda-feira para realizar exames m\u00e9dicos e sacramentar sua transfer\u00eancia para o Barcelona. A expectativa da diretoria catal\u00e3 \u00e9 oficializar a contrata\u00e7\u00e3o do brasileiro j\u00e1 na tarde da pr\u00f3xima ter\u00e7a-feira. Detalhes da negocia\u00e7\u00e3o com o Arsenal O acordo entre os clubes foi fechado na reta final da [&hellip;]<\/p>\n","protected":false},"author":0,"featured_media":32450,"comment_status":"open","ping_status":"open","sticky":false,"template":"","format":"standard","meta":{"footnotes":""},"categories":[28],"tags":[],"class_list":["post-32445","post","type-post","status-publish","format-standard","has-post-thumbnail","hentry","category-mundo"],"_links":{"self":[{"href":"https:\/\/acontecenafronteira.com.br\/index.php\/wp-json\/wp\/v2\/posts\/32445","targetHints":{"allow":["GET"]}}],"collection":[{"href":"https:\/\/acontecenafronteira.com.br\/index.php\/wp-json\/wp\/v2\/posts"}],"about":[{"href":"https:\/\/acontecenafronteira.com.br\/index.php\/wp-json\/wp\/v2\/types\/post"}],"replies":[{"embeddable":true,"href":"https:\/\/acontecenafronteira.com.br\/index.php\/wp-json\/wp\/v2\/comments?post=32445"}],"version-history":[{"count":1,"href":"https:\/\/acontecenafronteira.com.br\/index.php\/wp-json\/wp\/v2\/posts\/32445\/revisions"}],"predecessor-version":[{"id":32449,"href":"https:\/\/acontecenafronteira.com.br\/index.php\/wp-json\/wp\/v2\/posts\/32445\/revisions\/32449"}],"wp:featuredmedia":[{"embeddable":true,"href":"https:\/\/acontecenafronteira.com.br\/index.php\/wp-json\/wp\/v2\/media\/32450"}],"wp:attachment":[{"href":"https:\/\/acontecenafronteira.com.br\/index.php\/wp-json\/wp\/v2\/media?parent=32445"}],"wp:term":[{"taxonomy":"category","embeddable":true,"href":"https:\/\/acontecenafronteira.com.br\/index.php\/wp-json\/wp\/v2\/categories?post=32445"},{"taxonomy":"post_tag","embeddable":true,"href":"https:\/\/acontecenafronteira.com.br\/index.php\/wp-json\/wp\/v2\/tags?post=32445"}],"curies":[{"name":"wp","href":"https:\/\/api.w.org\/{rel}","templated":true}]}}