{"id":32436,"date":"2026-08-31T11:37:06","date_gmt":"2026-08-31T14:37:06","guid":{"rendered":"https:\/\/acontecenafronteira.com.br\/?p=32436"},"modified":"2026-08-31T11:37:06","modified_gmt":"2026-08-31T14:37:06","slug":"acidente-entre-carretas-bloqueia-br-116-na-grande-curitiba","status":"publish","type":"post","link":"https:\/\/acontecenafronteira.com.br\/index.php\/2026\/08\/31\/acidente-entre-carretas-bloqueia-br-116-na-grande-curitiba\/","title":{"rendered":"Acidente entre carretas bloqueia BR-116 na Grande Curitiba"},"content":{"rendered":"<p>Uma colis\u00e3o envolvendo duas carretas provocou a interdi\u00e7\u00e3o total da BR-116 durante a manh\u00e3 desta segunda-feira (31), na altura de Campina Grande do Sul, situada na Regi\u00e3o Metropolitana de Curitiba. O sinistro gerou graves reflexos no tr\u00e1fego local, formando extensas filas de ve\u00edculos.<\/p>\n<h2>Impacto no tr\u00e2nsito da regi\u00e3o metropolitana<\/h2>\n<p>O bloqueio completo da rodovia afetou severamente a mobilidade de motoristas que trafegavam pelo trecho nas primeiras horas do dia. Equipes de atendimento emergencial foram mobilizadas rapidamente para o local da ocorr\u00eancia com o objetivo de prestar socorro e iniciar os trabalhos de libera\u00e7\u00e3o da pista.<\/p>\n<h2>Trabalho das equipes de resgate e limpeza<\/h2>\n<p>Agentes da Pol\u00edcia Rodovi\u00e1ria Federal e socorristas atuaram na gest\u00e3o do tr\u00e1fego e na remo\u00e7\u00e3o dos ve\u00edculos pesados envolvidos no acidente. A prioridade inicial foi garantir a seguran\u00e7a dos motoristas e verificar a exist\u00eancia de vazamentos de carga ou \u00f3leo na pista, o que exigiu procedimentos t\u00e9cnicos espec\u00edficos antes da reabertura do fluxo vi\u00e1rio.<\/p>\n<p>Motoristas que seguiam sentido Curitiba ou interior enfrentaram lentid\u00e3o expressiva, sendo orientados a buscar rotas alternativas enquanto durou a interrup\u00e7\u00e3o total da rodovia federal.<\/p>\n<p>Por Reda\u00e7\u00e3o Acontece<\/p>\n<p>Cr\u00e9ditos da imagem: Divulga\u00e7\u00e3o\/PRF<\/p>\n","protected":false},"excerpt":{"rendered":"<p>Uma colis\u00e3o envolvendo duas carretas provocou a interdi\u00e7\u00e3o total da BR-116 durante a manh\u00e3 desta segunda-feira (31), na altura de Campina Grande do Sul, situada na Regi\u00e3o Metropolitana de Curitiba. O sinistro gerou graves reflexos no tr\u00e1fego local, formando extensas filas de ve\u00edculos. Impacto no tr\u00e2nsito da regi\u00e3o metropolitana O bloqueio completo da rodovia afetou [&hellip;]<\/p>\n","protected":false},"author":0,"featured_media":32444,"comment_status":"open","ping_status":"open","sticky":false,"template":"","format":"standard","meta":{"footnotes":""},"categories":[18],"tags":[],"class_list":["post-32436","post","type-post","status-publish","format-standard","has-post-thumbnail","hentry","category-parana"],"_links":{"self":[{"href":"https:\/\/acontecenafronteira.com.br\/index.php\/wp-json\/wp\/v2\/posts\/32436","targetHints":{"allow":["GET"]}}],"collection":[{"href":"https:\/\/acontecenafronteira.com.br\/index.php\/wp-json\/wp\/v2\/posts"}],"about":[{"href":"https:\/\/acontecenafronteira.com.br\/index.php\/wp-json\/wp\/v2\/types\/post"}],"replies":[{"embeddable":true,"href":"https:\/\/acontecenafronteira.com.br\/index.php\/wp-json\/wp\/v2\/comments?post=32436"}],"version-history":[{"count":1,"href":"https:\/\/acontecenafronteira.com.br\/index.php\/wp-json\/wp\/v2\/posts\/32436\/revisions"}],"predecessor-version":[{"id":32443,"href":"https:\/\/acontecenafronteira.com.br\/index.php\/wp-json\/wp\/v2\/posts\/32436\/revisions\/32443"}],"wp:featuredmedia":[{"embeddable":true,"href":"https:\/\/acontecenafronteira.com.br\/index.php\/wp-json\/wp\/v2\/media\/32444"}],"wp:attachment":[{"href":"https:\/\/acontecenafronteira.com.br\/index.php\/wp-json\/wp\/v2\/media?parent=32436"}],"wp:term":[{"taxonomy":"category","embeddable":true,"href":"https:\/\/acontecenafronteira.com.br\/index.php\/wp-json\/wp\/v2\/categories?post=32436"},{"taxonomy":"post_tag","embeddable":true,"href":"https:\/\/acontecenafronteira.com.br\/index.php\/wp-json\/wp\/v2\/tags?post=32436"}],"curies":[{"name":"wp","href":"https:\/\/api.w.org\/{rel}","templated":true}]}}