{"id":32435,"date":"2026-08-31T11:37:02","date_gmt":"2026-08-31T14:37:02","guid":{"rendered":"https:\/\/acontecenafronteira.com.br\/?p=32435"},"modified":"2026-08-31T11:37:02","modified_gmt":"2026-08-31T14:37:02","slug":"aviao-da-latam-derrapa-e-atola-em-aeroporto-no-parana","status":"publish","type":"post","link":"https:\/\/acontecenafronteira.com.br\/index.php\/2026\/08\/31\/aviao-da-latam-derrapa-e-atola-em-aeroporto-no-parana\/","title":{"rendered":"Avi\u00e3o da Latam derrapa e atola em aeroporto no Paran\u00e1"},"content":{"rendered":"<p>Um voo da companhia Latam enfrentou problemas na manh\u00e3 desta segunda-feira (31) ao pousar no Aeroporto Regional de Cascavel, localizado no Oeste do Paran\u00e1. A aeronave acabou derrapando na pista e ficou completamente atolada na \u00e1rea de grama e lama \u00e0s margens do terminal.<\/p>\n<h2>Impactos na opera\u00e7\u00e3o do aeroporto<\/h2>\n<p>O incidente gerou transtornos log\u00edsticos imediatos para a regi\u00e3o. O terminal de Cascavel precisou ser temporariamente fechado para pousos e decolagens, afetando dezenas de passageiros que utilizavam a infraestrutura local no in\u00edcio da semana.<\/p>\n<p>Equipes de seguran\u00e7a aeroportu\u00e1ria e manuten\u00e7\u00e3o foram mobilizadas rapidamente para avaliar a situa\u00e7\u00e3o do ve\u00edculo e iniciar o processo de remo\u00e7\u00e3o com seguran\u00e7a. A prioridade t\u00e9cnica foi garantir a estabilidade do equipamento e liberar a pista principal o mais r\u00e1pido poss\u00edvel.<\/p>\n<h2>Investiga\u00e7\u00e3o sobre as causas<\/h2>\n<p>As condi\u00e7\u00f5es meteorol\u00f3gicas no momento da aterrissagem est\u00e3o entre os principais fatores que ser\u00e3o apurados pelas autoridades competentes para esclarecer o ocorrido no interior paranaense.<\/p>\n<p>A companhia a\u00e9rea informou que prestou o suporte necess\u00e1rio aos passageiros e tripulantes que estavam a bordo. Felizmente, apesar do susto e dos danos materiais operacionais, n\u00e3o houve registro de feridos graves ou v\u00edtimas durante o procedimento de emerg\u00eancia.<\/p>\n<p>Por Reda\u00e7\u00e3o Acontece<\/p>\n<p>Foto: Divulga\u00e7\u00e3o\/Redes Sociais<\/p>\n","protected":false},"excerpt":{"rendered":"<p>Um voo da companhia Latam enfrentou problemas na manh\u00e3 desta segunda-feira (31) ao pousar no Aeroporto Regional de Cascavel, localizado no Oeste do Paran\u00e1. A aeronave acabou derrapando na pista e ficou completamente atolada na \u00e1rea de grama e lama \u00e0s margens do terminal. Impactos na opera\u00e7\u00e3o do aeroporto O incidente gerou transtornos log\u00edsticos imediatos [&hellip;]<\/p>\n","protected":false},"author":0,"featured_media":32442,"comment_status":"open","ping_status":"open","sticky":false,"template":"","format":"standard","meta":{"footnotes":""},"categories":[18],"tags":[],"class_list":["post-32435","post","type-post","status-publish","format-standard","has-post-thumbnail","hentry","category-parana"],"_links":{"self":[{"href":"https:\/\/acontecenafronteira.com.br\/index.php\/wp-json\/wp\/v2\/posts\/32435","targetHints":{"allow":["GET"]}}],"collection":[{"href":"https:\/\/acontecenafronteira.com.br\/index.php\/wp-json\/wp\/v2\/posts"}],"about":[{"href":"https:\/\/acontecenafronteira.com.br\/index.php\/wp-json\/wp\/v2\/types\/post"}],"replies":[{"embeddable":true,"href":"https:\/\/acontecenafronteira.com.br\/index.php\/wp-json\/wp\/v2\/comments?post=32435"}],"version-history":[{"count":1,"href":"https:\/\/acontecenafronteira.com.br\/index.php\/wp-json\/wp\/v2\/posts\/32435\/revisions"}],"predecessor-version":[{"id":32441,"href":"https:\/\/acontecenafronteira.com.br\/index.php\/wp-json\/wp\/v2\/posts\/32435\/revisions\/32441"}],"wp:featuredmedia":[{"embeddable":true,"href":"https:\/\/acontecenafronteira.com.br\/index.php\/wp-json\/wp\/v2\/media\/32442"}],"wp:attachment":[{"href":"https:\/\/acontecenafronteira.com.br\/index.php\/wp-json\/wp\/v2\/media?parent=32435"}],"wp:term":[{"taxonomy":"category","embeddable":true,"href":"https:\/\/acontecenafronteira.com.br\/index.php\/wp-json\/wp\/v2\/categories?post=32435"},{"taxonomy":"post_tag","embeddable":true,"href":"https:\/\/acontecenafronteira.com.br\/index.php\/wp-json\/wp\/v2\/tags?post=32435"}],"curies":[{"name":"wp","href":"https:\/\/api.w.org\/{rel}","templated":true}]}}