{"id":32433,"date":"2026-08-31T11:36:47","date_gmt":"2026-08-31T14:36:47","guid":{"rendered":"https:\/\/acontecenafronteira.com.br\/?p=32433"},"modified":"2026-08-31T11:36:47","modified_gmt":"2026-08-31T14:36:47","slug":"brasil-e-eua-retomam-negociacoes-comerciais-apos-tarifacos","status":"publish","type":"post","link":"https:\/\/acontecenafronteira.com.br\/index.php\/2026\/08\/31\/brasil-e-eua-retomam-negociacoes-comerciais-apos-tarifacos\/","title":{"rendered":"Brasil e EUA retomam negocia\u00e7\u00f5es comerciais ap\u00f3s tarifa\u00e7os"},"content":{"rendered":"<p>As administra\u00e7\u00f5es do Brasil e dos Estados Unidos voltaram a dialogar diplomaticamente depois que a Casa Branca imp\u00f4s, de forma unilateral, uma sobretaxa de 25% sobre setores espec\u00edficos das importa\u00e7\u00f5es brasileiras no encerramento do m\u00eas de julho.<\/p>\n<h2>O impacto das barreiras alfandeg\u00e1rias<\/h2>\n<p>A retomada das conversas bilaterais ocorre em um momento sens\u00edvel para a economia nacional, pressionada pelas recentes taxa\u00e7\u00f5es anunciadas por Washington, que tamb\u00e9m atingiram o patamar de 12,5% em outras categorias de produtos exportados pelo pa\u00eds sul-americano.<\/p>\n<h3>Cen\u00e1rio das rela\u00e7\u00f5es diplom\u00e1ticas e comerciais<\/h3>\n<p>Especialistas em com\u00e9rcio exterior apontam que o retorno \u00e0 mesa de negocia\u00e7\u00f5es \u00e9 fundamental para evitar uma escalada protecionista que prejudique a balan\u00e7a comercial de ambas as na\u00e7\u00f5es e afete diretamente ind\u00fastrias estrat\u00e9gicas de exporta\u00e7\u00e3o.<\/p>\n<h2>Pr\u00f3ximos passos na mesa de di\u00e1logo<\/h2>\n<p>Os diplomatas de Bras\u00edlia e Washington buscam agora um entendimento comum para reverter ou atenuar os efeitos das barreiras comerciais que geraram instabilidade nos mercados financeiros e incerteza jur\u00eddica para os empres\u00e1rios exportadores.<\/p>\n<p>As tratativas seguem em ritmo intenso para tentar destravar acordos e normalizar o fluxo de mercadorias entre os dois gigantes do continente americano nas pr\u00f3ximas semanas.<\/p>\n<p>Por Reda\u00e7\u00e3o Acontece<\/p>\n<p>Cr\u00e9ditos da imagem: Divulga\u00e7\u00e3o \/ Ag\u00eancia Brasil<\/p>\n","protected":false},"excerpt":{"rendered":"<p>As administra\u00e7\u00f5es do Brasil e dos Estados Unidos voltaram a dialogar diplomaticamente depois que a Casa Branca imp\u00f4s, de forma unilateral, uma sobretaxa de 25% sobre setores espec\u00edficos das importa\u00e7\u00f5es brasileiras no encerramento do m\u00eas de julho. O impacto das barreiras alfandeg\u00e1rias A retomada das conversas bilaterais ocorre em um momento sens\u00edvel para a economia [&hellip;]<\/p>\n","protected":false},"author":0,"featured_media":32438,"comment_status":"open","ping_status":"open","sticky":false,"template":"","format":"standard","meta":{"footnotes":""},"categories":[18],"tags":[],"class_list":["post-32433","post","type-post","status-publish","format-standard","has-post-thumbnail","hentry","category-parana"],"_links":{"self":[{"href":"https:\/\/acontecenafronteira.com.br\/index.php\/wp-json\/wp\/v2\/posts\/32433","targetHints":{"allow":["GET"]}}],"collection":[{"href":"https:\/\/acontecenafronteira.com.br\/index.php\/wp-json\/wp\/v2\/posts"}],"about":[{"href":"https:\/\/acontecenafronteira.com.br\/index.php\/wp-json\/wp\/v2\/types\/post"}],"replies":[{"embeddable":true,"href":"https:\/\/acontecenafronteira.com.br\/index.php\/wp-json\/wp\/v2\/comments?post=32433"}],"version-history":[{"count":1,"href":"https:\/\/acontecenafronteira.com.br\/index.php\/wp-json\/wp\/v2\/posts\/32433\/revisions"}],"predecessor-version":[{"id":32437,"href":"https:\/\/acontecenafronteira.com.br\/index.php\/wp-json\/wp\/v2\/posts\/32433\/revisions\/32437"}],"wp:featuredmedia":[{"embeddable":true,"href":"https:\/\/acontecenafronteira.com.br\/index.php\/wp-json\/wp\/v2\/media\/32438"}],"wp:attachment":[{"href":"https:\/\/acontecenafronteira.com.br\/index.php\/wp-json\/wp\/v2\/media?parent=32433"}],"wp:term":[{"taxonomy":"category","embeddable":true,"href":"https:\/\/acontecenafronteira.com.br\/index.php\/wp-json\/wp\/v2\/categories?post=32433"},{"taxonomy":"post_tag","embeddable":true,"href":"https:\/\/acontecenafronteira.com.br\/index.php\/wp-json\/wp\/v2\/tags?post=32433"}],"curies":[{"name":"wp","href":"https:\/\/api.w.org\/{rel}","templated":true}]}}