{"id":32427,"date":"2026-08-31T11:36:44","date_gmt":"2026-08-31T14:36:44","guid":{"rendered":"https:\/\/acontecenafronteira.com.br\/?p=32427"},"modified":"2026-08-31T11:36:44","modified_gmt":"2026-08-31T14:36:44","slug":"granizo-e-ventos-fortes-atingem-curitiba-nesta-segunda-31","status":"publish","type":"post","link":"https:\/\/acontecenafronteira.com.br\/index.php\/2026\/08\/31\/granizo-e-ventos-fortes-atingem-curitiba-nesta-segunda-31\/","title":{"rendered":"Granizo e ventos fortes atingem Curitiba nesta segunda (31)"},"content":{"rendered":"<p>Moradores de Curitiba foram surpreendidos por uma forte chuva de granizo na manh\u00e3 desta segunda-feira (31). A precipita\u00e7\u00e3o de gelo ocorreu em meio \u00e0 instabilidade gerada pela forma\u00e7\u00e3o de um novo ciclone extratropical na Regi\u00e3o Sul do Brasil, que tem deixado o estado paranaense em situa\u00e7\u00e3o de alerta.<\/p>\n<h2>Impacto da chuva na capital<\/h2>\n<p>De acordo com o Simepar, a capital paranaense acumulou 4,4 mil\u00edmetros de precipita\u00e7\u00e3o at\u00e9 a manh\u00e3 desta segunda-feira. No entanto, o volume foi bem mais expressivo no domingo (30), quando a cidade registrou 53,8 mil\u00edmetros de chuva, evidenciando a intensidade do sistema meteorol\u00f3gico que atua no territ\u00f3rio paranaense.<\/p>\n<h2>Alerta de temporais e ventos intensos no Paran\u00e1<\/h2>\n<p>A ocorr\u00eancia de granizo em Curitiba reflete um cen\u00e1rio generalizado de risco para temporais em todo o estado. Dados da Climatempo indicam que as rajadas de vento podem atingir at\u00e9 85 km\/h nesta segunda-feira, com maior for\u00e7a nas regi\u00f5es Sul e Oeste. J\u00e1 no Norte paranaense, a expectativa \u00e9 de que as tempestades percam intensidade.<\/p>\n<p>Diante do cen\u00e1rio de risco, o Instituto Nacional de Meteorologia (Inmet) emitiu um aviso oficial de tempestades para o Paran\u00e1, alertando para a possibilidade de volumes elevados de chuva, novas ocorr\u00eancias de granizo e rajadas de vento perigosas.<\/p>\n<h2>Avan\u00e7o de ciclone extratropical<\/h2>\n<p>O tempo severo est\u00e1 associado \u00e0 forma\u00e7\u00e3o de um novo ciclone extratropical prevista entre o fim desta segunda-feira e a ter\u00e7a-feira (1\u00ba), na altura do litoral de Santa Catarina. Esse fen\u00f4meno meteorol\u00f3gico estimula a cria\u00e7\u00e3o de uma nova frente fria, acelerando o deslocamento das \u00e1reas de instabilidade sobre o Paran\u00e1.<\/p>\n<p>Os impactos j\u00e1 v\u00eam sendo sentidos desde o fim de semana, com estragos relatados em diversos munic\u00edpios paranaenses entre domingo e segunda-feira. A previs\u00e3o para ter\u00e7a-feira (1\u00ba) indica a continuidade da instabilidade atmosf\u00e9rica no estado, com maior for\u00e7a durante a madrugada e o per\u00edodo da manh\u00e3 devido ao avan\u00e7o da frente fria.<\/p>\n<p>Por Reda\u00e7\u00e3o Acontece<\/p>\n<p>Foto: Reprodu\u00e7\u00e3o \/ Redes Sociais<\/p>\n","protected":false},"excerpt":{"rendered":"<p>Moradores de Curitiba foram surpreendidos por uma forte chuva de granizo na manh\u00e3 desta segunda-feira (31). A precipita\u00e7\u00e3o de gelo ocorreu em meio \u00e0 instabilidade gerada pela forma\u00e7\u00e3o de um novo ciclone extratropical na Regi\u00e3o Sul do Brasil, que tem deixado o estado paranaense em situa\u00e7\u00e3o de alerta. Impacto da chuva na capital De acordo [&hellip;]<\/p>\n","protected":false},"author":0,"featured_media":32432,"comment_status":"open","ping_status":"open","sticky":false,"template":"","format":"standard","meta":{"footnotes":""},"categories":[18],"tags":[],"class_list":["post-32427","post","type-post","status-publish","format-standard","has-post-thumbnail","hentry","category-parana"],"_links":{"self":[{"href":"https:\/\/acontecenafronteira.com.br\/index.php\/wp-json\/wp\/v2\/posts\/32427","targetHints":{"allow":["GET"]}}],"collection":[{"href":"https:\/\/acontecenafronteira.com.br\/index.php\/wp-json\/wp\/v2\/posts"}],"about":[{"href":"https:\/\/acontecenafronteira.com.br\/index.php\/wp-json\/wp\/v2\/types\/post"}],"replies":[{"embeddable":true,"href":"https:\/\/acontecenafronteira.com.br\/index.php\/wp-json\/wp\/v2\/comments?post=32427"}],"version-history":[{"count":1,"href":"https:\/\/acontecenafronteira.com.br\/index.php\/wp-json\/wp\/v2\/posts\/32427\/revisions"}],"predecessor-version":[{"id":32431,"href":"https:\/\/acontecenafronteira.com.br\/index.php\/wp-json\/wp\/v2\/posts\/32427\/revisions\/32431"}],"wp:featuredmedia":[{"embeddable":true,"href":"https:\/\/acontecenafronteira.com.br\/index.php\/wp-json\/wp\/v2\/media\/32432"}],"wp:attachment":[{"href":"https:\/\/acontecenafronteira.com.br\/index.php\/wp-json\/wp\/v2\/media?parent=32427"}],"wp:term":[{"taxonomy":"category","embeddable":true,"href":"https:\/\/acontecenafronteira.com.br\/index.php\/wp-json\/wp\/v2\/categories?post=32427"},{"taxonomy":"post_tag","embeddable":true,"href":"https:\/\/acontecenafronteira.com.br\/index.php\/wp-json\/wp\/v2\/tags?post=32427"}],"curies":[{"name":"wp","href":"https:\/\/api.w.org\/{rel}","templated":true}]}}